{"id":9029,"date":"2025-01-06T22:49:08","date_gmt":"2025-01-06T21:49:08","guid":{"rendered":"https:\/\/wgphoto.pl\/t\/?p=9029"},"modified":"2025-01-06T22:49:08","modified_gmt":"2025-01-06T21:49:08","slug":"zarow","status":"publish","type":"post","link":"https:\/\/wgphoto.pl\/t\/?p=9029","title":{"rendered":"\u017bar\u00f3w"},"content":{"rendered":"\n<figure class=\"wp-block-image aligncenter size-full\"><img loading=\"lazy\" decoding=\"async\" width=\"1024\" height=\"685\" src=\"https:\/\/wgphoto.pl\/t\/wp-content\/uploads\/2025\/01\/IMGP3981.jpg\" alt=\"\" class=\"wp-image-9030\" srcset=\"https:\/\/wgphoto.pl\/t\/wp-content\/uploads\/2025\/01\/IMGP3981.jpg 1024w, https:\/\/wgphoto.pl\/t\/wp-content\/uploads\/2025\/01\/IMGP3981-300x201.jpg 300w, https:\/\/wgphoto.pl\/t\/wp-content\/uploads\/2025\/01\/IMGP3981-768x514.jpg 768w\" sizes=\"auto, (max-width: 1024px) 100vw, 1024px\" \/><\/figure>\n\n\n\n<div class=\"wp-block-group has-global-padding is-layout-constrained wp-block-group-is-layout-constrained\">\n<p>ET21-495 z poci\u0105giem specjalnym z Wroc\u0142awia do Jeleniej G\u00f3ry przeje\u017cd\u017ca przez stacj\u0119 w \u017barowie. 2010-05-29<\/p>\n<\/div>\n","protected":false},"excerpt":{"rendered":"<p>ET21-495 z poci\u0105giem specjalnym z Wroc\u0142awia do Jeleniej G\u00f3ry przeje\u017cd\u017ca przez stacj\u0119 w \u017barowie. 2010-05-29<\/p>\n","protected":false},"author":1,"featured_media":9030,"comment_status":"open","ping_status":"","sticky":false,"template":"","format":"standard","meta":{"footnotes":""},"categories":[2,86],"tags":[203,198,201,63,27,202,200,2052],"class_list":["post-9029","post","type-post","status-publish","format-standard","has-post-thumbnail","hentry","category-kolej","category-rok-2010","tag-2010-05-29","tag-et21","tag-ksk","tag-pkp","tag-polska","tag-specjalny","tag-tab-pl240","tag-zarow"],"_links":{"self":[{"href":"https:\/\/wgphoto.pl\/t\/index.php?rest_route=\/wp\/v2\/posts\/9029","targetHints":{"allow":["GET"]}}],"collection":[{"href":"https:\/\/wgphoto.pl\/t\/index.php?rest_route=\/wp\/v2\/posts"}],"about":[{"href":"https:\/\/wgphoto.pl\/t\/index.php?rest_route=\/wp\/v2\/types\/post"}],"author":[{"embeddable":true,"href":"https:\/\/wgphoto.pl\/t\/index.php?rest_route=\/wp\/v2\/users\/1"}],"replies":[{"embeddable":true,"href":"https:\/\/wgphoto.pl\/t\/index.php?rest_route=%2Fwp%2Fv2%2Fcomments&post=9029"}],"version-history":[{"count":1,"href":"https:\/\/wgphoto.pl\/t\/index.php?rest_route=\/wp\/v2\/posts\/9029\/revisions"}],"predecessor-version":[{"id":9031,"href":"https:\/\/wgphoto.pl\/t\/index.php?rest_route=\/wp\/v2\/posts\/9029\/revisions\/9031"}],"wp:featuredmedia":[{"embeddable":true,"href":"https:\/\/wgphoto.pl\/t\/index.php?rest_route=\/wp\/v2\/media\/9030"}],"wp:attachment":[{"href":"https:\/\/wgphoto.pl\/t\/index.php?rest_route=%2Fwp%2Fv2%2Fmedia&parent=9029"}],"wp:term":[{"taxonomy":"category","embeddable":true,"href":"https:\/\/wgphoto.pl\/t\/index.php?rest_route=%2Fwp%2Fv2%2Fcategories&post=9029"},{"taxonomy":"post_tag","embeddable":true,"href":"https:\/\/wgphoto.pl\/t\/index.php?rest_route=%2Fwp%2Fv2%2Ftags&post=9029"}],"curies":[{"name":"wp","href":"https:\/\/api.w.org\/{rel}","templated":true}]}}