{"id":9045,"date":"2025-01-06T22:54:35","date_gmt":"2025-01-06T21:54:35","guid":{"rendered":"https:\/\/wgphoto.pl\/t\/?p=9045"},"modified":"2025-01-06T22:54:35","modified_gmt":"2025-01-06T21:54:35","slug":"105na-nr-23742373","status":"publish","type":"post","link":"https:\/\/wgphoto.pl\/t\/?p=9045","title":{"rendered":"105Na nr 2374+2373"},"content":{"rendered":"\n<figure class=\"wp-block-image aligncenter size-full\"><img loading=\"lazy\" decoding=\"async\" width=\"600\" height=\"900\" src=\"https:\/\/wgphoto.pl\/t\/wp-content\/uploads\/2025\/01\/IMGP5780.jpg\" alt=\"\" class=\"wp-image-9046\" srcset=\"https:\/\/wgphoto.pl\/t\/wp-content\/uploads\/2025\/01\/IMGP5780.jpg 600w, https:\/\/wgphoto.pl\/t\/wp-content\/uploads\/2025\/01\/IMGP5780-200x300.jpg 200w\" sizes=\"auto, (max-width: 600px) 100vw, 600px\" \/><\/figure>\n\n\n\n<div class=\"wp-block-group has-global-padding is-layout-constrained wp-block-group-is-layout-constrained\">\n<p>Wroc\u0142aw, p\u0119tla Wroc\u0142awski Park Przemys\u0142owy. Nieistniej\u0105cy ju\u017c zestaw 2374+2373 &#8211; a by\u0142y to w\u00f3wczas najlepsze stopi\u0105tki na zajezdni Borek &#8211; pozuje do zdj\u0119cia z przecudnej urody biurowcem jednej z lokalnych gazet. No i dotarli\u015bmy od zachodu s\u0142o\u0144ca, poprzez zmierzch, do nocy nad p\u0119tl\u0105 przy ulicy Robotniczej. 15.05.2009<\/p>\n<\/div>\n","protected":false},"excerpt":{"rendered":"<p>Wroc\u0142aw, p\u0119tla Wroc\u0142awski Park Przemys\u0142owy. Nieistniej\u0105cy ju\u017c zestaw 2374+2373 &#8211; a by\u0142y to w\u00f3wczas najlepsze stopi\u0105tki na zajezdni Borek &#8211; pozuje do zdj\u0119cia z przecudnej urody biurowcem jednej z lokalnych gazet. No i dotarli\u015bmy od zachodu s\u0142o\u0144ca, poprzez zmierzch, do nocy nad p\u0119tl\u0105 przy ulicy Robotniczej. 15.05.2009<\/p>\n","protected":false},"author":1,"featured_media":9046,"comment_status":"open","ping_status":"","sticky":false,"template":"","format":"standard","meta":{"footnotes":""},"categories":[128,169,3],"tags":[155,2857,42,154,27,439,41],"class_list":["post-9045","post","type-post","status-publish","format-standard","has-post-thumbnail","hentry","category-pionowe","category-rok-2009","category-tramwaj","tag-105na","tag-2009-05-15","tag-mpk-wroclaw","tag-noc","tag-polska","tag-we-fabryce","tag-wroclaw"],"_links":{"self":[{"href":"https:\/\/wgphoto.pl\/t\/index.php?rest_route=\/wp\/v2\/posts\/9045","targetHints":{"allow":["GET"]}}],"collection":[{"href":"https:\/\/wgphoto.pl\/t\/index.php?rest_route=\/wp\/v2\/posts"}],"about":[{"href":"https:\/\/wgphoto.pl\/t\/index.php?rest_route=\/wp\/v2\/types\/post"}],"author":[{"embeddable":true,"href":"https:\/\/wgphoto.pl\/t\/index.php?rest_route=\/wp\/v2\/users\/1"}],"replies":[{"embeddable":true,"href":"https:\/\/wgphoto.pl\/t\/index.php?rest_route=%2Fwp%2Fv2%2Fcomments&post=9045"}],"version-history":[{"count":1,"href":"https:\/\/wgphoto.pl\/t\/index.php?rest_route=\/wp\/v2\/posts\/9045\/revisions"}],"predecessor-version":[{"id":9047,"href":"https:\/\/wgphoto.pl\/t\/index.php?rest_route=\/wp\/v2\/posts\/9045\/revisions\/9047"}],"wp:featuredmedia":[{"embeddable":true,"href":"https:\/\/wgphoto.pl\/t\/index.php?rest_route=\/wp\/v2\/media\/9046"}],"wp:attachment":[{"href":"https:\/\/wgphoto.pl\/t\/index.php?rest_route=%2Fwp%2Fv2%2Fmedia&parent=9045"}],"wp:term":[{"taxonomy":"category","embeddable":true,"href":"https:\/\/wgphoto.pl\/t\/index.php?rest_route=%2Fwp%2Fv2%2Fcategories&post=9045"},{"taxonomy":"post_tag","embeddable":true,"href":"https:\/\/wgphoto.pl\/t\/index.php?rest_route=%2Fwp%2Fv2%2Ftags&post=9045"}],"curies":[{"name":"wp","href":"https:\/\/api.w.org\/{rel}","templated":true}]}}