{"id":9048,"date":"2025-01-06T22:55:41","date_gmt":"2025-01-06T21:55:41","guid":{"rendered":"https:\/\/wgphoto.pl\/t\/?p=9048"},"modified":"2025-01-06T22:55:41","modified_gmt":"2025-01-06T21:55:41","slug":"chmurki","status":"publish","type":"post","link":"https:\/\/wgphoto.pl\/t\/?p=9048","title":{"rendered":"Chmurki"},"content":{"rendered":"\n<figure class=\"wp-block-image aligncenter size-full\"><img loading=\"lazy\" decoding=\"async\" width=\"1024\" height=\"685\" src=\"https:\/\/wgphoto.pl\/t\/wp-content\/uploads\/2025\/01\/IMGP4338.jpg\" alt=\"\" class=\"wp-image-9049\" srcset=\"https:\/\/wgphoto.pl\/t\/wp-content\/uploads\/2025\/01\/IMGP4338.jpg 1024w, https:\/\/wgphoto.pl\/t\/wp-content\/uploads\/2025\/01\/IMGP4338-300x201.jpg 300w, https:\/\/wgphoto.pl\/t\/wp-content\/uploads\/2025\/01\/IMGP4338-768x514.jpg 768w\" sizes=\"auto, (max-width: 1024px) 100vw, 1024px\" \/><\/figure>\n\n\n\n<div class=\"wp-block-group has-global-padding is-layout-constrained wp-block-group-is-layout-constrained\">\n<p>Wroc\u0142aw, p\u0119tla Wroc\u0142awski Park Przemys\u0142owy. 204WrAs 2604+2603 odbywa ostatni\u0105 tego dnia przerw\u0119 na zachodnim kra\u0144cu trasy, jest ju\u017c bowiem godzina 22:29. Jednego z najd\u0142u\u017cszych dni w roku dopiero o tej porze niebo osi\u0105gn\u0119\u0142o atrakcyjny fotograficznie wygl\u0105d, podkre\u015blony dodatkowo p\u0142yn\u0105cymi szybko chmurami. 22.09.2010<\/p>\n<\/div>\n","protected":false},"excerpt":{"rendered":"<p>Wroc\u0142aw, p\u0119tla Wroc\u0142awski Park Przemys\u0142owy. 204WrAs 2604+2603 odbywa ostatni\u0105 tego dnia przerw\u0119 na zachodnim kra\u0144cu trasy, jest ju\u017c bowiem godzina 22:29. Jednego z najd\u0142u\u017cszych dni w roku dopiero o tej porze niebo osi\u0105gn\u0119\u0142o atrakcyjny fotograficznie wygl\u0105d, podkre\u015blony dodatkowo p\u0142yn\u0105cymi szybko chmurami. 22.09.2010<\/p>\n","protected":false},"author":1,"featured_media":9049,"comment_status":"open","ping_status":"","sticky":false,"template":"","format":"standard","meta":{"footnotes":""},"categories":[86,3],"tags":[2858,42,162,27,1577,439,90,41],"class_list":["post-9048","post","type-post","status-publish","format-standard","has-post-thumbnail","hentry","category-rok-2010","category-tramwaj","tag-2010-09-22","tag-mpk-wroclaw","tag-niebo","tag-polska","tag-protram-204wras","tag-we-fabryce","tag-wieczorem","tag-wroclaw"],"_links":{"self":[{"href":"https:\/\/wgphoto.pl\/t\/index.php?rest_route=\/wp\/v2\/posts\/9048","targetHints":{"allow":["GET"]}}],"collection":[{"href":"https:\/\/wgphoto.pl\/t\/index.php?rest_route=\/wp\/v2\/posts"}],"about":[{"href":"https:\/\/wgphoto.pl\/t\/index.php?rest_route=\/wp\/v2\/types\/post"}],"author":[{"embeddable":true,"href":"https:\/\/wgphoto.pl\/t\/index.php?rest_route=\/wp\/v2\/users\/1"}],"replies":[{"embeddable":true,"href":"https:\/\/wgphoto.pl\/t\/index.php?rest_route=%2Fwp%2Fv2%2Fcomments&post=9048"}],"version-history":[{"count":1,"href":"https:\/\/wgphoto.pl\/t\/index.php?rest_route=\/wp\/v2\/posts\/9048\/revisions"}],"predecessor-version":[{"id":9050,"href":"https:\/\/wgphoto.pl\/t\/index.php?rest_route=\/wp\/v2\/posts\/9048\/revisions\/9050"}],"wp:featuredmedia":[{"embeddable":true,"href":"https:\/\/wgphoto.pl\/t\/index.php?rest_route=\/wp\/v2\/media\/9049"}],"wp:attachment":[{"href":"https:\/\/wgphoto.pl\/t\/index.php?rest_route=%2Fwp%2Fv2%2Fmedia&parent=9048"}],"wp:term":[{"taxonomy":"category","embeddable":true,"href":"https:\/\/wgphoto.pl\/t\/index.php?rest_route=%2Fwp%2Fv2%2Fcategories&post=9048"},{"taxonomy":"post_tag","embeddable":true,"href":"https:\/\/wgphoto.pl\/t\/index.php?rest_route=%2Fwp%2Fv2%2Ftags&post=9048"}],"curies":[{"name":"wp","href":"https:\/\/api.w.org\/{rel}","templated":true}]}}