{"id":9054,"date":"2025-01-06T22:59:00","date_gmt":"2025-01-06T21:59:00","guid":{"rendered":"https:\/\/wgphoto.pl\/t\/?p=9054"},"modified":"2025-01-06T22:59:00","modified_gmt":"2025-01-06T21:59:00","slug":"most-wolnosci","status":"publish","type":"post","link":"https:\/\/wgphoto.pl\/t\/?p=9054","title":{"rendered":"Most Wolno\u015bci"},"content":{"rendered":"\n<figure class=\"wp-block-image aligncenter size-full\"><img loading=\"lazy\" decoding=\"async\" width=\"1024\" height=\"683\" src=\"https:\/\/wgphoto.pl\/t\/wp-content\/uploads\/2025\/01\/IMGP3732-1-1.jpg\" alt=\"\" class=\"wp-image-9056\" srcset=\"https:\/\/wgphoto.pl\/t\/wp-content\/uploads\/2025\/01\/IMGP3732-1-1.jpg 1024w, https:\/\/wgphoto.pl\/t\/wp-content\/uploads\/2025\/01\/IMGP3732-1-1-300x200.jpg 300w, https:\/\/wgphoto.pl\/t\/wp-content\/uploads\/2025\/01\/IMGP3732-1-1-768x512.jpg 768w\" sizes=\"auto, (max-width: 1024px) 100vw, 1024px\" \/><\/figure>\n\n\n\n<div class=\"wp-block-group has-global-padding is-layout-constrained wp-block-group-is-layout-constrained\">\n<p>Budapeszt, Szabads\u00e1g h\u00edd. Ganz przeprawia si\u0119 na lewy brzeg Dunaju najkr\u00f3tszym spo\u015br\u00f3d budapeszta\u0144skich most\u00f3w nad t\u0105 rzek\u0105 (skromne 333 metry d\u0142ugo\u015bci). 26.08.2011<\/p>\n<\/div>\n","protected":false},"excerpt":{"rendered":"<p>Budapeszt, Szabads\u00e1g h\u00edd. Ganz przeprawia si\u0119 na lewy brzeg Dunaju najkr\u00f3tszym spo\u015br\u00f3d budapeszta\u0144skich most\u00f3w nad t\u0105 rzek\u0105 (skromne 333 metry d\u0142ugo\u015bci). 26.08.2011<\/p>\n","protected":false},"author":1,"featured_media":9056,"comment_status":"open","ping_status":"","sticky":false,"template":"","format":"standard","meta":{"footnotes":""},"categories":[77,3],"tags":[1598,147,144,699,45,105],"class_list":["post-9054","post","type-post","status-publish","format-standard","has-post-thumbnail","hentry","category-rok-2011","category-tramwaj","tag-2011-08-26","tag-bkv-budapest","tag-budapeszt","tag-ganz-csmg2","tag-most","tag-wegry"],"_links":{"self":[{"href":"https:\/\/wgphoto.pl\/t\/index.php?rest_route=\/wp\/v2\/posts\/9054","targetHints":{"allow":["GET"]}}],"collection":[{"href":"https:\/\/wgphoto.pl\/t\/index.php?rest_route=\/wp\/v2\/posts"}],"about":[{"href":"https:\/\/wgphoto.pl\/t\/index.php?rest_route=\/wp\/v2\/types\/post"}],"author":[{"embeddable":true,"href":"https:\/\/wgphoto.pl\/t\/index.php?rest_route=\/wp\/v2\/users\/1"}],"replies":[{"embeddable":true,"href":"https:\/\/wgphoto.pl\/t\/index.php?rest_route=%2Fwp%2Fv2%2Fcomments&post=9054"}],"version-history":[{"count":1,"href":"https:\/\/wgphoto.pl\/t\/index.php?rest_route=\/wp\/v2\/posts\/9054\/revisions"}],"predecessor-version":[{"id":9057,"href":"https:\/\/wgphoto.pl\/t\/index.php?rest_route=\/wp\/v2\/posts\/9054\/revisions\/9057"}],"wp:featuredmedia":[{"embeddable":true,"href":"https:\/\/wgphoto.pl\/t\/index.php?rest_route=\/wp\/v2\/media\/9056"}],"wp:attachment":[{"href":"https:\/\/wgphoto.pl\/t\/index.php?rest_route=%2Fwp%2Fv2%2Fmedia&parent=9054"}],"wp:term":[{"taxonomy":"category","embeddable":true,"href":"https:\/\/wgphoto.pl\/t\/index.php?rest_route=%2Fwp%2Fv2%2Fcategories&post=9054"},{"taxonomy":"post_tag","embeddable":true,"href":"https:\/\/wgphoto.pl\/t\/index.php?rest_route=%2Fwp%2Fv2%2Ftags&post=9054"}],"curies":[{"name":"wp","href":"https:\/\/api.w.org\/{rel}","templated":true}]}}