{"id":9064,"date":"2025-01-07T17:12:22","date_gmt":"2025-01-07T16:12:22","guid":{"rendered":"https:\/\/wgphoto.pl\/t\/?p=9064"},"modified":"2025-01-07T17:12:22","modified_gmt":"2025-01-07T16:12:22","slug":"sonderzug-nach-lobau-sachs","status":"publish","type":"post","link":"https:\/\/wgphoto.pl\/t\/?p=9064","title":{"rendered":"Sonderzug nach L\u00f6bau (Sachs)"},"content":{"rendered":"\n<figure class=\"wp-block-image aligncenter size-full\"><img loading=\"lazy\" decoding=\"async\" width=\"1024\" height=\"700\" src=\"https:\/\/wgphoto.pl\/t\/wp-content\/uploads\/2025\/01\/IMGP5268-1.jpg\" alt=\"\" class=\"wp-image-9065\" srcset=\"https:\/\/wgphoto.pl\/t\/wp-content\/uploads\/2025\/01\/IMGP5268-1.jpg 1024w, https:\/\/wgphoto.pl\/t\/wp-content\/uploads\/2025\/01\/IMGP5268-1-300x205.jpg 300w, https:\/\/wgphoto.pl\/t\/wp-content\/uploads\/2025\/01\/IMGP5268-1-768x525.jpg 768w\" sizes=\"auto, (max-width: 1024px) 100vw, 1024px\" \/><\/figure>\n\n\n\n<div class=\"wp-block-group has-global-padding is-layout-constrained wp-block-group-is-layout-constrained\">\n<p>Poci\u0105g specjalny do Lubija odje\u017cd\u017ca z \u017bytawy. W oknach nastawni mo\u017cna dostrzec \u015bwi\u0105teczne akcenty. 03.12.2011<\/p>\n<\/div>\n","protected":false},"excerpt":{"rendered":"<p>Poci\u0105g specjalny do Lubija odje\u017cd\u017ca z \u017bytawy. W oknach nastawni mo\u017cna dostrzec \u015bwi\u0105teczne akcenty. 03.12.2011<\/p>\n","protected":false},"author":1,"featured_media":9065,"comment_status":"open","ping_status":"","sticky":false,"template":"","format":"standard","meta":{"footnotes":""},"categories":[2,77],"tags":[1952,206,23,358,139,202,53,2663],"class_list":["post-9064","post","type-post","status-publish","format-standard","has-post-thumbnail","hentry","category-kolej","category-rok-2011","tag-2011-12-03","tag-db","tag-niemcy","tag-parowoz","tag-retro","tag-specjalny","tag-sygnalizacja-ksztaltowa","tag-zittau"],"_links":{"self":[{"href":"https:\/\/wgphoto.pl\/t\/index.php?rest_route=\/wp\/v2\/posts\/9064","targetHints":{"allow":["GET"]}}],"collection":[{"href":"https:\/\/wgphoto.pl\/t\/index.php?rest_route=\/wp\/v2\/posts"}],"about":[{"href":"https:\/\/wgphoto.pl\/t\/index.php?rest_route=\/wp\/v2\/types\/post"}],"author":[{"embeddable":true,"href":"https:\/\/wgphoto.pl\/t\/index.php?rest_route=\/wp\/v2\/users\/1"}],"replies":[{"embeddable":true,"href":"https:\/\/wgphoto.pl\/t\/index.php?rest_route=%2Fwp%2Fv2%2Fcomments&post=9064"}],"version-history":[{"count":1,"href":"https:\/\/wgphoto.pl\/t\/index.php?rest_route=\/wp\/v2\/posts\/9064\/revisions"}],"predecessor-version":[{"id":9066,"href":"https:\/\/wgphoto.pl\/t\/index.php?rest_route=\/wp\/v2\/posts\/9064\/revisions\/9066"}],"wp:featuredmedia":[{"embeddable":true,"href":"https:\/\/wgphoto.pl\/t\/index.php?rest_route=\/wp\/v2\/media\/9065"}],"wp:attachment":[{"href":"https:\/\/wgphoto.pl\/t\/index.php?rest_route=%2Fwp%2Fv2%2Fmedia&parent=9064"}],"wp:term":[{"taxonomy":"category","embeddable":true,"href":"https:\/\/wgphoto.pl\/t\/index.php?rest_route=%2Fwp%2Fv2%2Fcategories&post=9064"},{"taxonomy":"post_tag","embeddable":true,"href":"https:\/\/wgphoto.pl\/t\/index.php?rest_route=%2Fwp%2Fv2%2Ftags&post=9064"}],"curies":[{"name":"wp","href":"https:\/\/api.w.org\/{rel}","templated":true}]}}