{"id":9067,"date":"2025-01-07T17:13:34","date_gmt":"2025-01-07T16:13:34","guid":{"rendered":"https:\/\/wgphoto.pl\/t\/?p=9067"},"modified":"2026-02-22T23:17:11","modified_gmt":"2026-02-22T22:17:11","slug":"najbrzydsza-stacja","status":"publish","type":"post","link":"https:\/\/wgphoto.pl\/t\/?p=9067","title":{"rendered":"Najbrzydsza stacja"},"content":{"rendered":"\n<figure class=\"wp-block-image aligncenter size-full\"><img loading=\"lazy\" decoding=\"async\" width=\"1024\" height=\"685\" src=\"https:\/\/wgphoto.pl\/t\/wp-content\/uploads\/2025\/01\/IMGP8132.jpg\" alt=\"\" class=\"wp-image-9068\" srcset=\"https:\/\/wgphoto.pl\/t\/wp-content\/uploads\/2025\/01\/IMGP8132.jpg 1024w, https:\/\/wgphoto.pl\/t\/wp-content\/uploads\/2025\/01\/IMGP8132-300x201.jpg 300w, https:\/\/wgphoto.pl\/t\/wp-content\/uploads\/2025\/01\/IMGP8132-768x514.jpg 768w\" sizes=\"auto, (max-width: 1024px) 100vw, 1024px\" \/><\/figure>\n\n\n\n<div class=\"wp-block-group has-global-padding is-layout-constrained wp-block-group-is-layout-constrained\">\n<p>Stacja Karlsplatz na linii U4 zlokalizowana jest w p\u0142ytkim tunelu dawnej Stadtbahn. Jej wystr\u00f3j &#8222;unowocze\u015bniono&#8221; zapewne przy okazji przebudowy na metro pod koniec lat 70-tych. Zamiast typowej bieli z zielonymi (w tym przypadku) akcentami kr\u00f3luj\u0105 tu elementy nale\u017c\u0105ce do zupe\u0142nie innych bajek (wisz\u0105ce luzem pod\u015bwietlane &#8222;pude\u0142ko&#8221; z nazw\u0105 stacji, pomara\u0144czowe kolumny oraz krzes\u0142a ze sklejki) i jest to jedyna tak chaotyczna zbieranina w ca\u0142ym wiede\u0144skim metrze. W efekcie jest tu po prostu brzydko niczym w metrze, przyk\u0142adowo, rzymskim. 25.05.2012<\/p>\n<\/div>\n","protected":false},"excerpt":{"rendered":"<p>Stacja Karlsplatz na linii U4 zlokalizowana jest w p\u0142ytkim tunelu dawnej Stadtbahn. Jej wystr\u00f3j &#8222;unowocze\u015bniono&#8221; zapewne przy okazji przebudowy na metro pod koniec lat 70-tych. Zamiast typowej bieli z zielonymi (w tym przypadku) akcentami kr\u00f3luj\u0105 tu elementy nale\u017c\u0105ce do zupe\u0142nie innych bajek (wisz\u0105ce luzem pod\u015bwietlane &#8222;pude\u0142ko&#8221; z nazw\u0105 stacji, pomara\u0144czowe kolumny oraz krzes\u0142a ze sklejki) [&hellip;]<\/p>\n","protected":false},"author":1,"featured_media":9068,"comment_status":"open","ping_status":"","sticky":false,"template":"","format":"standard","meta":{"footnotes":""},"categories":[220,4,46],"tags":[406,9,151,276,4680,99,97],"class_list":["post-9067","post","type-post","status-publish","format-standard","has-post-thumbnail","hentry","category-blo","category-metro","category-rok-2012","tag-2012-05-25","tag-austria","tag-ludzie","tag-stacje-wiedenskiego-metra","tag-u","tag-u-bahn-wien","tag-wieden"],"_links":{"self":[{"href":"https:\/\/wgphoto.pl\/t\/index.php?rest_route=\/wp\/v2\/posts\/9067","targetHints":{"allow":["GET"]}}],"collection":[{"href":"https:\/\/wgphoto.pl\/t\/index.php?rest_route=\/wp\/v2\/posts"}],"about":[{"href":"https:\/\/wgphoto.pl\/t\/index.php?rest_route=\/wp\/v2\/types\/post"}],"author":[{"embeddable":true,"href":"https:\/\/wgphoto.pl\/t\/index.php?rest_route=\/wp\/v2\/users\/1"}],"replies":[{"embeddable":true,"href":"https:\/\/wgphoto.pl\/t\/index.php?rest_route=%2Fwp%2Fv2%2Fcomments&post=9067"}],"version-history":[{"count":1,"href":"https:\/\/wgphoto.pl\/t\/index.php?rest_route=\/wp\/v2\/posts\/9067\/revisions"}],"predecessor-version":[{"id":9069,"href":"https:\/\/wgphoto.pl\/t\/index.php?rest_route=\/wp\/v2\/posts\/9067\/revisions\/9069"}],"wp:featuredmedia":[{"embeddable":true,"href":"https:\/\/wgphoto.pl\/t\/index.php?rest_route=\/wp\/v2\/media\/9068"}],"wp:attachment":[{"href":"https:\/\/wgphoto.pl\/t\/index.php?rest_route=%2Fwp%2Fv2%2Fmedia&parent=9067"}],"wp:term":[{"taxonomy":"category","embeddable":true,"href":"https:\/\/wgphoto.pl\/t\/index.php?rest_route=%2Fwp%2Fv2%2Fcategories&post=9067"},{"taxonomy":"post_tag","embeddable":true,"href":"https:\/\/wgphoto.pl\/t\/index.php?rest_route=%2Fwp%2Fv2%2Ftags&post=9067"}],"curies":[{"name":"wp","href":"https:\/\/api.w.org\/{rel}","templated":true}]}}