{"id":9070,"date":"2025-01-07T17:14:28","date_gmt":"2025-01-07T16:14:28","guid":{"rendered":"https:\/\/wgphoto.pl\/t\/?p=9070"},"modified":"2025-01-07T17:14:28","modified_gmt":"2025-01-07T16:14:28","slug":"linia-zielona","status":"publish","type":"post","link":"https:\/\/wgphoto.pl\/t\/?p=9070","title":{"rendered":"Linia zielona"},"content":{"rendered":"\n<figure class=\"wp-block-image aligncenter size-full\"><img loading=\"lazy\" decoding=\"async\" width=\"1024\" height=\"685\" src=\"https:\/\/wgphoto.pl\/t\/wp-content\/uploads\/2025\/01\/IMGP8133.jpg\" alt=\"\" class=\"wp-image-9071\" srcset=\"https:\/\/wgphoto.pl\/t\/wp-content\/uploads\/2025\/01\/IMGP8133.jpg 1024w, https:\/\/wgphoto.pl\/t\/wp-content\/uploads\/2025\/01\/IMGP8133-300x201.jpg 300w, https:\/\/wgphoto.pl\/t\/wp-content\/uploads\/2025\/01\/IMGP8133-768x514.jpg 768w\" sizes=\"auto, (max-width: 1024px) 100vw, 1024px\" \/><\/figure>\n\n\n\n<div class=\"wp-block-group has-global-padding is-layout-constrained wp-block-group-is-layout-constrained\">\n<p>Mimo \u017ce ju\u017c wyszed\u0142em z podziemi, na chwil\u0119 jeszcze tam wr\u00f3c\u0119, bo znalaz\u0142em kilka klatek ilustruj\u0105cych stacj\u0119 brakuj\u0105cej, &#8222;zielonej&#8221; linii U4. Nie jest to co prawda obiekt reprezentacyjny, ale jest na sw\u00f3j spos\u00f3b charakterystyczny. 25.05.2012<\/p>\n<\/div>\n","protected":false},"excerpt":{"rendered":"<p>Mimo \u017ce ju\u017c wyszed\u0142em z podziemi, na chwil\u0119 jeszcze tam wr\u00f3c\u0119, bo znalaz\u0142em kilka klatek ilustruj\u0105cych stacj\u0119 brakuj\u0105cej, &#8222;zielonej&#8221; linii U4. Nie jest to co prawda obiekt reprezentacyjny, ale jest na sw\u00f3j spos\u00f3b charakterystyczny. 25.05.2012<\/p>\n","protected":false},"author":1,"featured_media":9071,"comment_status":"open","ping_status":"","sticky":false,"template":"","format":"standard","meta":{"footnotes":""},"categories":[220,4,46],"tags":[406,9,276,99,97],"class_list":["post-9070","post","type-post","status-publish","format-standard","has-post-thumbnail","hentry","category-blo","category-metro","category-rok-2012","tag-2012-05-25","tag-austria","tag-stacje-wiedenskiego-metra","tag-u-bahn-wien","tag-wieden"],"_links":{"self":[{"href":"https:\/\/wgphoto.pl\/t\/index.php?rest_route=\/wp\/v2\/posts\/9070","targetHints":{"allow":["GET"]}}],"collection":[{"href":"https:\/\/wgphoto.pl\/t\/index.php?rest_route=\/wp\/v2\/posts"}],"about":[{"href":"https:\/\/wgphoto.pl\/t\/index.php?rest_route=\/wp\/v2\/types\/post"}],"author":[{"embeddable":true,"href":"https:\/\/wgphoto.pl\/t\/index.php?rest_route=\/wp\/v2\/users\/1"}],"replies":[{"embeddable":true,"href":"https:\/\/wgphoto.pl\/t\/index.php?rest_route=%2Fwp%2Fv2%2Fcomments&post=9070"}],"version-history":[{"count":1,"href":"https:\/\/wgphoto.pl\/t\/index.php?rest_route=\/wp\/v2\/posts\/9070\/revisions"}],"predecessor-version":[{"id":9072,"href":"https:\/\/wgphoto.pl\/t\/index.php?rest_route=\/wp\/v2\/posts\/9070\/revisions\/9072"}],"wp:featuredmedia":[{"embeddable":true,"href":"https:\/\/wgphoto.pl\/t\/index.php?rest_route=\/wp\/v2\/media\/9071"}],"wp:attachment":[{"href":"https:\/\/wgphoto.pl\/t\/index.php?rest_route=%2Fwp%2Fv2%2Fmedia&parent=9070"}],"wp:term":[{"taxonomy":"category","embeddable":true,"href":"https:\/\/wgphoto.pl\/t\/index.php?rest_route=%2Fwp%2Fv2%2Fcategories&post=9070"},{"taxonomy":"post_tag","embeddable":true,"href":"https:\/\/wgphoto.pl\/t\/index.php?rest_route=%2Fwp%2Fv2%2Ftags&post=9070"}],"curies":[{"name":"wp","href":"https:\/\/api.w.org\/{rel}","templated":true}]}}