{"id":9076,"date":"2025-01-07T17:16:20","date_gmt":"2025-01-07T16:16:20","guid":{"rendered":"https:\/\/wgphoto.pl\/t\/?p=9076"},"modified":"2025-01-07T17:16:20","modified_gmt":"2025-01-07T16:16:20","slug":"schody","status":"publish","type":"post","link":"https:\/\/wgphoto.pl\/t\/?p=9076","title":{"rendered":"Schody"},"content":{"rendered":"\n<figure class=\"wp-block-image aligncenter size-full\"><img loading=\"lazy\" decoding=\"async\" width=\"1024\" height=\"685\" src=\"https:\/\/wgphoto.pl\/t\/wp-content\/uploads\/2025\/01\/IMGP8091.jpg\" alt=\"\" class=\"wp-image-9077\" srcset=\"https:\/\/wgphoto.pl\/t\/wp-content\/uploads\/2025\/01\/IMGP8091.jpg 1024w, https:\/\/wgphoto.pl\/t\/wp-content\/uploads\/2025\/01\/IMGP8091-300x201.jpg 300w, https:\/\/wgphoto.pl\/t\/wp-content\/uploads\/2025\/01\/IMGP8091-768x514.jpg 768w\" sizes=\"auto, (max-width: 1024px) 100vw, 1024px\" \/><\/figure>\n\n\n\n<div class=\"wp-block-group has-global-padding is-layout-constrained wp-block-group-is-layout-constrained\">\n<p>Stacja Schottentor. W centrum Wiednia na liniach U2 i U4 znajduje si\u0119 kilka stacji o w\u0105tpliwej estetyce, gdzie betonow\u0105 konstrukcj\u0119 pomalowano na pomara\u0144czowo wbrew barwie poszczeg\u00f3lnych linii metra (U2 jest lini\u0105 fioletow\u0105). 25.05.2012<\/p>\n<\/div>\n","protected":false},"excerpt":{"rendered":"<p>Stacja Schottentor. W centrum Wiednia na liniach U2 i U4 znajduje si\u0119 kilka stacji o w\u0105tpliwej estetyce, gdzie betonow\u0105 konstrukcj\u0119 pomalowano na pomara\u0144czowo wbrew barwie poszczeg\u00f3lnych linii metra (U2 jest lini\u0105 fioletow\u0105). 25.05.2012<\/p>\n","protected":false},"author":1,"featured_media":9077,"comment_status":"open","ping_status":"","sticky":false,"template":"","format":"standard","meta":{"footnotes":""},"categories":[220,4,46],"tags":[406,9,276,99,97],"class_list":["post-9076","post","type-post","status-publish","format-standard","has-post-thumbnail","hentry","category-blo","category-metro","category-rok-2012","tag-2012-05-25","tag-austria","tag-stacje-wiedenskiego-metra","tag-u-bahn-wien","tag-wieden"],"_links":{"self":[{"href":"https:\/\/wgphoto.pl\/t\/index.php?rest_route=\/wp\/v2\/posts\/9076","targetHints":{"allow":["GET"]}}],"collection":[{"href":"https:\/\/wgphoto.pl\/t\/index.php?rest_route=\/wp\/v2\/posts"}],"about":[{"href":"https:\/\/wgphoto.pl\/t\/index.php?rest_route=\/wp\/v2\/types\/post"}],"author":[{"embeddable":true,"href":"https:\/\/wgphoto.pl\/t\/index.php?rest_route=\/wp\/v2\/users\/1"}],"replies":[{"embeddable":true,"href":"https:\/\/wgphoto.pl\/t\/index.php?rest_route=%2Fwp%2Fv2%2Fcomments&post=9076"}],"version-history":[{"count":1,"href":"https:\/\/wgphoto.pl\/t\/index.php?rest_route=\/wp\/v2\/posts\/9076\/revisions"}],"predecessor-version":[{"id":9078,"href":"https:\/\/wgphoto.pl\/t\/index.php?rest_route=\/wp\/v2\/posts\/9076\/revisions\/9078"}],"wp:featuredmedia":[{"embeddable":true,"href":"https:\/\/wgphoto.pl\/t\/index.php?rest_route=\/wp\/v2\/media\/9077"}],"wp:attachment":[{"href":"https:\/\/wgphoto.pl\/t\/index.php?rest_route=%2Fwp%2Fv2%2Fmedia&parent=9076"}],"wp:term":[{"taxonomy":"category","embeddable":true,"href":"https:\/\/wgphoto.pl\/t\/index.php?rest_route=%2Fwp%2Fv2%2Fcategories&post=9076"},{"taxonomy":"post_tag","embeddable":true,"href":"https:\/\/wgphoto.pl\/t\/index.php?rest_route=%2Fwp%2Fv2%2Ftags&post=9076"}],"curies":[{"name":"wp","href":"https:\/\/api.w.org\/{rel}","templated":true}]}}