{"id":9079,"date":"2025-01-07T17:17:11","date_gmt":"2025-01-07T16:17:11","guid":{"rendered":"https:\/\/wgphoto.pl\/t\/?p=9079"},"modified":"2025-01-07T17:17:11","modified_gmt":"2025-01-07T16:17:11","slug":"oranzada","status":"publish","type":"post","link":"https:\/\/wgphoto.pl\/t\/?p=9079","title":{"rendered":"Oran\u017cada"},"content":{"rendered":"\n<figure class=\"wp-block-image aligncenter size-full\"><img loading=\"lazy\" decoding=\"async\" width=\"1300\" height=\"870\" src=\"https:\/\/wgphoto.pl\/t\/wp-content\/uploads\/2025\/01\/IMGP8084.jpg\" alt=\"\" class=\"wp-image-9080\" srcset=\"https:\/\/wgphoto.pl\/t\/wp-content\/uploads\/2025\/01\/IMGP8084.jpg 1300w, https:\/\/wgphoto.pl\/t\/wp-content\/uploads\/2025\/01\/IMGP8084-300x201.jpg 300w, https:\/\/wgphoto.pl\/t\/wp-content\/uploads\/2025\/01\/IMGP8084-768x514.jpg 768w\" sizes=\"auto, (max-width: 1300px) 100vw, 1300px\" \/><\/figure>\n\n\n\n<div class=\"wp-block-group has-global-padding is-layout-constrained wp-block-group-is-layout-constrained\">\n<p>Wiede\u0144, Schottentor. Nad schodami zawieszono reklam\u0119 oran\u017cady z alpejskich zi\u00f3\u0142, kt\u00f3ra mog\u0142aby konkurowa\u0107 w kategorii regionalnego napoju bezalkoholowego o charakterystycznym smaku z czesk\u0105 kofol\u0105. Sama za\u015b reklama jest nie lada ekstrawagancj\u0105, bo nawet takich plansz nie ma w wiede\u0144skim metrze zbyt wiele &#8211; zazwyczaj kr\u00f3luje biel z dodatkiem koloru odpowiedniej linii metra. 2012-05-25<\/p>\n<\/div>\n","protected":false},"excerpt":{"rendered":"<p>Wiede\u0144, Schottentor. Nad schodami zawieszono reklam\u0119 oran\u017cady z alpejskich zi\u00f3\u0142, kt\u00f3ra mog\u0142aby konkurowa\u0107 w kategorii regionalnego napoju bezalkoholowego o charakterystycznym smaku z czesk\u0105 kofol\u0105. Sama za\u015b reklama jest nie lada ekstrawagancj\u0105, bo nawet takich plansz nie ma w wiede\u0144skim metrze zbyt wiele &#8211; zazwyczaj kr\u00f3luje biel z dodatkiem koloru odpowiedniej linii metra. 2012-05-25<\/p>\n","protected":false},"author":1,"featured_media":9080,"comment_status":"open","ping_status":"","sticky":false,"template":"","format":"standard","meta":{"footnotes":""},"categories":[220,4,46],"tags":[406,9,276,99,97],"class_list":["post-9079","post","type-post","status-publish","format-standard","has-post-thumbnail","hentry","category-blo","category-metro","category-rok-2012","tag-2012-05-25","tag-austria","tag-stacje-wiedenskiego-metra","tag-u-bahn-wien","tag-wieden"],"_links":{"self":[{"href":"https:\/\/wgphoto.pl\/t\/index.php?rest_route=\/wp\/v2\/posts\/9079","targetHints":{"allow":["GET"]}}],"collection":[{"href":"https:\/\/wgphoto.pl\/t\/index.php?rest_route=\/wp\/v2\/posts"}],"about":[{"href":"https:\/\/wgphoto.pl\/t\/index.php?rest_route=\/wp\/v2\/types\/post"}],"author":[{"embeddable":true,"href":"https:\/\/wgphoto.pl\/t\/index.php?rest_route=\/wp\/v2\/users\/1"}],"replies":[{"embeddable":true,"href":"https:\/\/wgphoto.pl\/t\/index.php?rest_route=%2Fwp%2Fv2%2Fcomments&post=9079"}],"version-history":[{"count":1,"href":"https:\/\/wgphoto.pl\/t\/index.php?rest_route=\/wp\/v2\/posts\/9079\/revisions"}],"predecessor-version":[{"id":9081,"href":"https:\/\/wgphoto.pl\/t\/index.php?rest_route=\/wp\/v2\/posts\/9079\/revisions\/9081"}],"wp:featuredmedia":[{"embeddable":true,"href":"https:\/\/wgphoto.pl\/t\/index.php?rest_route=\/wp\/v2\/media\/9080"}],"wp:attachment":[{"href":"https:\/\/wgphoto.pl\/t\/index.php?rest_route=%2Fwp%2Fv2%2Fmedia&parent=9079"}],"wp:term":[{"taxonomy":"category","embeddable":true,"href":"https:\/\/wgphoto.pl\/t\/index.php?rest_route=%2Fwp%2Fv2%2Fcategories&post=9079"},{"taxonomy":"post_tag","embeddable":true,"href":"https:\/\/wgphoto.pl\/t\/index.php?rest_route=%2Fwp%2Fv2%2Ftags&post=9079"}],"curies":[{"name":"wp","href":"https:\/\/api.w.org\/{rel}","templated":true}]}}