{"id":9082,"date":"2025-01-07T17:18:12","date_gmt":"2025-01-07T16:18:12","guid":{"rendered":"https:\/\/wgphoto.pl\/t\/?p=9082"},"modified":"2025-01-07T17:18:40","modified_gmt":"2025-01-07T16:18:40","slug":"linia-brazowa","status":"publish","type":"post","link":"https:\/\/wgphoto.pl\/t\/?p=9082","title":{"rendered":"Linia br\u0105zowa"},"content":{"rendered":"\n<figure class=\"wp-block-image aligncenter size-full\"><img loading=\"lazy\" decoding=\"async\" width=\"1300\" height=\"870\" src=\"https:\/\/wgphoto.pl\/t\/wp-content\/uploads\/2025\/01\/IMGP8353.jpg\" alt=\"\" class=\"wp-image-9083\" srcset=\"https:\/\/wgphoto.pl\/t\/wp-content\/uploads\/2025\/01\/IMGP8353.jpg 1300w, https:\/\/wgphoto.pl\/t\/wp-content\/uploads\/2025\/01\/IMGP8353-300x201.jpg 300w, https:\/\/wgphoto.pl\/t\/wp-content\/uploads\/2025\/01\/IMGP8353-768x514.jpg 768w\" sizes=\"auto, (max-width: 1300px) 100vw, 1300px\" \/><\/figure>\n\n\n\n<div class=\"wp-block-group has-global-padding is-layout-constrained wp-block-group-is-layout-constrained\">\n<p>Stacja J\u00e4gerstra\u00dfe le\u017cy na oddanym do u\u017cytku w 1996 roku przed\u0142u\u017ceniu linii U6 z Nu\u00dfdorfer Stra\u00dfe do Floridsdorfu. Obie podziemne stacje (nie licz\u0105c ko\u0144cowej) znajduj\u0105ce si\u0119 na tym odcinku charakteryzuje wyj\u0105tkowo ubogi wystr\u00f3j. 2012-05-27<\/p>\n<\/div>\n","protected":false},"excerpt":{"rendered":"<p>Stacja J\u00e4gerstra\u00dfe le\u017cy na oddanym do u\u017cytku w 1996 roku przed\u0142u\u017ceniu linii U6 z Nu\u00dfdorfer Stra\u00dfe do Floridsdorfu. Obie podziemne stacje (nie licz\u0105c ko\u0144cowej) znajduj\u0105ce si\u0119 na tym odcinku charakteryzuje wyj\u0105tkowo ubogi wystr\u00f3j. 2012-05-27<\/p>\n","protected":false},"author":1,"featured_media":9083,"comment_status":"open","ping_status":"","sticky":false,"template":"","format":"standard","meta":{"footnotes":""},"categories":[220,4,46],"tags":[1796,9,276,2273,99,97],"class_list":["post-9082","post","type-post","status-publish","format-standard","has-post-thumbnail","hentry","category-blo","category-metro","category-rok-2012","tag-2012-05-27","tag-austria","tag-stacje-wiedenskiego-metra","tag-t","tag-u-bahn-wien","tag-wieden"],"_links":{"self":[{"href":"https:\/\/wgphoto.pl\/t\/index.php?rest_route=\/wp\/v2\/posts\/9082","targetHints":{"allow":["GET"]}}],"collection":[{"href":"https:\/\/wgphoto.pl\/t\/index.php?rest_route=\/wp\/v2\/posts"}],"about":[{"href":"https:\/\/wgphoto.pl\/t\/index.php?rest_route=\/wp\/v2\/types\/post"}],"author":[{"embeddable":true,"href":"https:\/\/wgphoto.pl\/t\/index.php?rest_route=\/wp\/v2\/users\/1"}],"replies":[{"embeddable":true,"href":"https:\/\/wgphoto.pl\/t\/index.php?rest_route=%2Fwp%2Fv2%2Fcomments&post=9082"}],"version-history":[{"count":1,"href":"https:\/\/wgphoto.pl\/t\/index.php?rest_route=\/wp\/v2\/posts\/9082\/revisions"}],"predecessor-version":[{"id":9084,"href":"https:\/\/wgphoto.pl\/t\/index.php?rest_route=\/wp\/v2\/posts\/9082\/revisions\/9084"}],"wp:featuredmedia":[{"embeddable":true,"href":"https:\/\/wgphoto.pl\/t\/index.php?rest_route=\/wp\/v2\/media\/9083"}],"wp:attachment":[{"href":"https:\/\/wgphoto.pl\/t\/index.php?rest_route=%2Fwp%2Fv2%2Fmedia&parent=9082"}],"wp:term":[{"taxonomy":"category","embeddable":true,"href":"https:\/\/wgphoto.pl\/t\/index.php?rest_route=%2Fwp%2Fv2%2Fcategories&post=9082"},{"taxonomy":"post_tag","embeddable":true,"href":"https:\/\/wgphoto.pl\/t\/index.php?rest_route=%2Fwp%2Fv2%2Ftags&post=9082"}],"curies":[{"name":"wp","href":"https:\/\/api.w.org\/{rel}","templated":true}]}}