{"id":9085,"date":"2025-01-07T17:19:36","date_gmt":"2025-01-07T16:19:36","guid":{"rendered":"https:\/\/wgphoto.pl\/t\/?p=9085"},"modified":"2026-02-22T23:17:00","modified_gmt":"2026-02-22T22:17:00","slug":"linia-czerwona","status":"publish","type":"post","link":"https:\/\/wgphoto.pl\/t\/?p=9085","title":{"rendered":"Linia czerwona"},"content":{"rendered":"\n<figure class=\"wp-block-image aligncenter size-full\"><img loading=\"lazy\" decoding=\"async\" width=\"1024\" height=\"685\" src=\"https:\/\/wgphoto.pl\/t\/wp-content\/uploads\/2025\/01\/IMGP8482.jpg\" alt=\"\" class=\"wp-image-9086\" srcset=\"https:\/\/wgphoto.pl\/t\/wp-content\/uploads\/2025\/01\/IMGP8482.jpg 1024w, https:\/\/wgphoto.pl\/t\/wp-content\/uploads\/2025\/01\/IMGP8482-300x201.jpg 300w, https:\/\/wgphoto.pl\/t\/wp-content\/uploads\/2025\/01\/IMGP8482-768x514.jpg 768w\" sizes=\"auto, (max-width: 1024px) 100vw, 1024px\" \/><\/figure>\n\n\n\n<div class=\"wp-block-group has-global-padding is-layout-constrained wp-block-group-is-layout-constrained\">\n<p>Stacja Kagraner Platz, znajduj\u0105ca si\u0119 na uruchomionym w 2006 roku przed\u0142u\u017ceniu ze stacji Kagran do Leopoldau, prezentuje bardzo typowy wystr\u00f3j dla stacji wiede\u0144skiego metra. Nie mog\u0119 oprze\u0107 si\u0119 wra\u017ceniu, \u017ce dla zachowania jednolitej stylistyki dos\u0142ownie skopiowano kszta\u0142ty (charakterystyczne zaokr\u0105glenia, sufit &#8222;w k\u00f3\u0142ka&#8221;) znane ze starszych przystank\u00f3w czerwonej linii U1, budowanych na prze\u0142omie lat 70-tych i 80-tych ubieg\u0142ego wieku. 28.05.2012<\/p>\n<\/div>\n","protected":false},"excerpt":{"rendered":"<p>Stacja Kagraner Platz, znajduj\u0105ca si\u0119 na uruchomionym w 2006 roku przed\u0142u\u017ceniu ze stacji Kagran do Leopoldau, prezentuje bardzo typowy wystr\u00f3j dla stacji wiede\u0144skiego metra. Nie mog\u0119 oprze\u0107 si\u0119 wra\u017ceniu, \u017ce dla zachowania jednolitej stylistyki dos\u0142ownie skopiowano kszta\u0142ty (charakterystyczne zaokr\u0105glenia, sufit &#8222;w k\u00f3\u0142ka&#8221;) znane ze starszych przystank\u00f3w czerwonej linii U1, budowanych na prze\u0142omie lat 70-tych i [&hellip;]<\/p>\n","protected":false},"author":1,"featured_media":9086,"comment_status":"open","ping_status":"","sticky":false,"template":"","format":"standard","meta":{"footnotes":""},"categories":[220,4,46],"tags":[2861,9,276,4680,99,97],"class_list":["post-9085","post","type-post","status-publish","format-standard","has-post-thumbnail","hentry","category-blo","category-metro","category-rok-2012","tag-2012-05-28","tag-austria","tag-stacje-wiedenskiego-metra","tag-u","tag-u-bahn-wien","tag-wieden"],"_links":{"self":[{"href":"https:\/\/wgphoto.pl\/t\/index.php?rest_route=\/wp\/v2\/posts\/9085","targetHints":{"allow":["GET"]}}],"collection":[{"href":"https:\/\/wgphoto.pl\/t\/index.php?rest_route=\/wp\/v2\/posts"}],"about":[{"href":"https:\/\/wgphoto.pl\/t\/index.php?rest_route=\/wp\/v2\/types\/post"}],"author":[{"embeddable":true,"href":"https:\/\/wgphoto.pl\/t\/index.php?rest_route=\/wp\/v2\/users\/1"}],"replies":[{"embeddable":true,"href":"https:\/\/wgphoto.pl\/t\/index.php?rest_route=%2Fwp%2Fv2%2Fcomments&post=9085"}],"version-history":[{"count":1,"href":"https:\/\/wgphoto.pl\/t\/index.php?rest_route=\/wp\/v2\/posts\/9085\/revisions"}],"predecessor-version":[{"id":9087,"href":"https:\/\/wgphoto.pl\/t\/index.php?rest_route=\/wp\/v2\/posts\/9085\/revisions\/9087"}],"wp:featuredmedia":[{"embeddable":true,"href":"https:\/\/wgphoto.pl\/t\/index.php?rest_route=\/wp\/v2\/media\/9086"}],"wp:attachment":[{"href":"https:\/\/wgphoto.pl\/t\/index.php?rest_route=%2Fwp%2Fv2%2Fmedia&parent=9085"}],"wp:term":[{"taxonomy":"category","embeddable":true,"href":"https:\/\/wgphoto.pl\/t\/index.php?rest_route=%2Fwp%2Fv2%2Fcategories&post=9085"},{"taxonomy":"post_tag","embeddable":true,"href":"https:\/\/wgphoto.pl\/t\/index.php?rest_route=%2Fwp%2Fv2%2Ftags&post=9085"}],"curies":[{"name":"wp","href":"https:\/\/api.w.org\/{rel}","templated":true}]}}