{"id":9088,"date":"2025-01-07T17:20:28","date_gmt":"2025-01-07T16:20:28","guid":{"rendered":"https:\/\/wgphoto.pl\/t\/?p=9088"},"modified":"2025-01-07T17:20:28","modified_gmt":"2025-01-07T16:20:28","slug":"bramki","status":"publish","type":"post","link":"https:\/\/wgphoto.pl\/t\/?p=9088","title":{"rendered":"Bramki"},"content":{"rendered":"\n<figure class=\"wp-block-image aligncenter size-full\"><img loading=\"lazy\" decoding=\"async\" width=\"1024\" height=\"685\" src=\"https:\/\/wgphoto.pl\/t\/wp-content\/uploads\/2025\/01\/IMGP8212-1.jpg\" alt=\"\" class=\"wp-image-9089\" srcset=\"https:\/\/wgphoto.pl\/t\/wp-content\/uploads\/2025\/01\/IMGP8212-1.jpg 1024w, https:\/\/wgphoto.pl\/t\/wp-content\/uploads\/2025\/01\/IMGP8212-1-300x201.jpg 300w, https:\/\/wgphoto.pl\/t\/wp-content\/uploads\/2025\/01\/IMGP8212-1-768x514.jpg 768w\" sizes=\"auto, (max-width: 1024px) 100vw, 1024px\" \/><\/figure>\n\n\n\n<div class=\"wp-block-group has-global-padding is-layout-constrained wp-block-group-is-layout-constrained\">\n<p>Wiede\u0144, stacja Schweglerstra\u00dfe. Doj\u015bcia na perony tak\u017ce zachowuj\u0105 kr\u0105g\u0142e kszta\u0142ty. Na pierwszym planie widoczne s\u0105 za\u015b &#8222;bramki&#8221; wej\u015bciowe, obowi\u0105zkowo w kolorze danej linii (U3 ma kolor pomara\u0144czowy) &#8211; w odr\u00f3\u017cnieniu od wi\u0119kszo\u015bci znanych mi system\u00f3w metra pozbawione bramek otwieranych za pomoc\u0105 wa\u017cnego biletu. W Wiedniu zatem ka\u017cdy mo\u017ce wej\u015b\u0107 do metra, a kontrole biletowe odbywaj\u0105 si\u0119 metod\u0105 tradycyjn\u0105. 26.05.2012<\/p>\n<\/div>\n","protected":false},"excerpt":{"rendered":"<p>Wiede\u0144, stacja Schweglerstra\u00dfe. Doj\u015bcia na perony tak\u017ce zachowuj\u0105 kr\u0105g\u0142e kszta\u0142ty. Na pierwszym planie widoczne s\u0105 za\u015b &#8222;bramki&#8221; wej\u015bciowe, obowi\u0105zkowo w kolorze danej linii (U3 ma kolor pomara\u0144czowy) &#8211; w odr\u00f3\u017cnieniu od wi\u0119kszo\u015bci znanych mi system\u00f3w metra pozbawione bramek otwieranych za pomoc\u0105 wa\u017cnego biletu. W Wiedniu zatem ka\u017cdy mo\u017ce wej\u015b\u0107 do metra, a kontrole biletowe odbywaj\u0105 [&hellip;]<\/p>\n","protected":false},"author":1,"featured_media":9089,"comment_status":"open","ping_status":"","sticky":false,"template":"","format":"standard","meta":{"footnotes":""},"categories":[220,4,46],"tags":[2192,9,276,99,97],"class_list":["post-9088","post","type-post","status-publish","format-standard","has-post-thumbnail","hentry","category-blo","category-metro","category-rok-2012","tag-2012-05-26","tag-austria","tag-stacje-wiedenskiego-metra","tag-u-bahn-wien","tag-wieden"],"_links":{"self":[{"href":"https:\/\/wgphoto.pl\/t\/index.php?rest_route=\/wp\/v2\/posts\/9088","targetHints":{"allow":["GET"]}}],"collection":[{"href":"https:\/\/wgphoto.pl\/t\/index.php?rest_route=\/wp\/v2\/posts"}],"about":[{"href":"https:\/\/wgphoto.pl\/t\/index.php?rest_route=\/wp\/v2\/types\/post"}],"author":[{"embeddable":true,"href":"https:\/\/wgphoto.pl\/t\/index.php?rest_route=\/wp\/v2\/users\/1"}],"replies":[{"embeddable":true,"href":"https:\/\/wgphoto.pl\/t\/index.php?rest_route=%2Fwp%2Fv2%2Fcomments&post=9088"}],"version-history":[{"count":1,"href":"https:\/\/wgphoto.pl\/t\/index.php?rest_route=\/wp\/v2\/posts\/9088\/revisions"}],"predecessor-version":[{"id":9090,"href":"https:\/\/wgphoto.pl\/t\/index.php?rest_route=\/wp\/v2\/posts\/9088\/revisions\/9090"}],"wp:featuredmedia":[{"embeddable":true,"href":"https:\/\/wgphoto.pl\/t\/index.php?rest_route=\/wp\/v2\/media\/9089"}],"wp:attachment":[{"href":"https:\/\/wgphoto.pl\/t\/index.php?rest_route=%2Fwp%2Fv2%2Fmedia&parent=9088"}],"wp:term":[{"taxonomy":"category","embeddable":true,"href":"https:\/\/wgphoto.pl\/t\/index.php?rest_route=%2Fwp%2Fv2%2Fcategories&post=9088"},{"taxonomy":"post_tag","embeddable":true,"href":"https:\/\/wgphoto.pl\/t\/index.php?rest_route=%2Fwp%2Fv2%2Ftags&post=9088"}],"curies":[{"name":"wp","href":"https:\/\/api.w.org\/{rel}","templated":true}]}}