{"id":9094,"date":"2025-01-07T17:22:28","date_gmt":"2025-01-07T16:22:28","guid":{"rendered":"https:\/\/wgphoto.pl\/t\/?p=9094"},"modified":"2025-01-07T17:22:28","modified_gmt":"2025-01-07T16:22:28","slug":"glowa-do-gory-2","status":"publish","type":"post","link":"https:\/\/wgphoto.pl\/t\/?p=9094","title":{"rendered":"G\u0142owa do g\u00f3ry (2)"},"content":{"rendered":"\n<figure class=\"wp-block-image aligncenter size-full\"><img loading=\"lazy\" decoding=\"async\" width=\"1024\" height=\"685\" src=\"https:\/\/wgphoto.pl\/t\/wp-content\/uploads\/2025\/01\/IMGP8214.jpg\" alt=\"\" class=\"wp-image-9096\" srcset=\"https:\/\/wgphoto.pl\/t\/wp-content\/uploads\/2025\/01\/IMGP8214.jpg 1024w, https:\/\/wgphoto.pl\/t\/wp-content\/uploads\/2025\/01\/IMGP8214-300x201.jpg 300w, https:\/\/wgphoto.pl\/t\/wp-content\/uploads\/2025\/01\/IMGP8214-768x514.jpg 768w\" sizes=\"auto, (max-width: 1024px) 100vw, 1024px\" \/><\/figure>\n\n\n\n<div class=\"wp-block-group has-global-padding is-layout-constrained wp-block-group-is-layout-constrained\">\n<p>Jedna z niewielu instalacji artystycznych(?) w wiede\u0144skim metrze, nawi\u0105zuj\u0105ca za to do transportu. To b\u0119dzie najpewniej stacja Schweglerstra\u00dfe na linii U3. 26.05.2012<\/p>\n<\/div>\n","protected":false},"excerpt":{"rendered":"<p>Jedna z niewielu instalacji artystycznych(?) w wiede\u0144skim metrze, nawi\u0105zuj\u0105ca za to do transportu. To b\u0119dzie najpewniej stacja Schweglerstra\u00dfe na linii U3. 26.05.2012<\/p>\n","protected":false},"author":1,"featured_media":9096,"comment_status":"open","ping_status":"","sticky":false,"template":"","format":"standard","meta":{"footnotes":""},"categories":[220,4,46],"tags":[2192,9,418,276,99,97],"class_list":["post-9094","post","type-post","status-publish","format-standard","has-post-thumbnail","hentry","category-blo","category-metro","category-rok-2012","tag-2012-05-26","tag-austria","tag-auto","tag-stacje-wiedenskiego-metra","tag-u-bahn-wien","tag-wieden"],"_links":{"self":[{"href":"https:\/\/wgphoto.pl\/t\/index.php?rest_route=\/wp\/v2\/posts\/9094","targetHints":{"allow":["GET"]}}],"collection":[{"href":"https:\/\/wgphoto.pl\/t\/index.php?rest_route=\/wp\/v2\/posts"}],"about":[{"href":"https:\/\/wgphoto.pl\/t\/index.php?rest_route=\/wp\/v2\/types\/post"}],"author":[{"embeddable":true,"href":"https:\/\/wgphoto.pl\/t\/index.php?rest_route=\/wp\/v2\/users\/1"}],"replies":[{"embeddable":true,"href":"https:\/\/wgphoto.pl\/t\/index.php?rest_route=%2Fwp%2Fv2%2Fcomments&post=9094"}],"version-history":[{"count":1,"href":"https:\/\/wgphoto.pl\/t\/index.php?rest_route=\/wp\/v2\/posts\/9094\/revisions"}],"predecessor-version":[{"id":9097,"href":"https:\/\/wgphoto.pl\/t\/index.php?rest_route=\/wp\/v2\/posts\/9094\/revisions\/9097"}],"wp:featuredmedia":[{"embeddable":true,"href":"https:\/\/wgphoto.pl\/t\/index.php?rest_route=\/wp\/v2\/media\/9096"}],"wp:attachment":[{"href":"https:\/\/wgphoto.pl\/t\/index.php?rest_route=%2Fwp%2Fv2%2Fmedia&parent=9094"}],"wp:term":[{"taxonomy":"category","embeddable":true,"href":"https:\/\/wgphoto.pl\/t\/index.php?rest_route=%2Fwp%2Fv2%2Fcategories&post=9094"},{"taxonomy":"post_tag","embeddable":true,"href":"https:\/\/wgphoto.pl\/t\/index.php?rest_route=%2Fwp%2Fv2%2Ftags&post=9094"}],"curies":[{"name":"wp","href":"https:\/\/api.w.org\/{rel}","templated":true}]}}