{"id":9101,"date":"2025-01-07T17:24:21","date_gmt":"2025-01-07T16:24:21","guid":{"rendered":"https:\/\/wgphoto.pl\/t\/?p=9101"},"modified":"2025-01-07T17:24:21","modified_gmt":"2025-01-07T16:24:21","slug":"tuba","status":"publish","type":"post","link":"https:\/\/wgphoto.pl\/t\/?p=9101","title":{"rendered":"Tuba"},"content":{"rendered":"\n<figure class=\"wp-block-image aligncenter size-full\"><img loading=\"lazy\" decoding=\"async\" width=\"1300\" height=\"870\" src=\"https:\/\/wgphoto.pl\/t\/wp-content\/uploads\/2025\/01\/IMGP8349.jpg\" alt=\"\" class=\"wp-image-9102\" srcset=\"https:\/\/wgphoto.pl\/t\/wp-content\/uploads\/2025\/01\/IMGP8349.jpg 1300w, https:\/\/wgphoto.pl\/t\/wp-content\/uploads\/2025\/01\/IMGP8349-300x201.jpg 300w, https:\/\/wgphoto.pl\/t\/wp-content\/uploads\/2025\/01\/IMGP8349-768x514.jpg 768w\" sizes=\"auto, (max-width: 1300px) 100vw, 1300px\" \/><\/figure>\n\n\n\n<div class=\"wp-block-group has-global-padding is-layout-constrained wp-block-group-is-layout-constrained\">\n<p>Jeden z tuneli wchodz\u0105cych w sk\u0142ad obszernych podziemi w\u0119z\u0142a Karlsplatz &#8211; jedynego punktu na mapie Wiednia, gdzie spotykaj\u0105 si\u0119 trzy linie metra. 2012-05-27<\/p>\n<\/div>\n","protected":false},"excerpt":{"rendered":"<p>Jeden z tuneli wchodz\u0105cych w sk\u0142ad obszernych podziemi w\u0119z\u0142a Karlsplatz &#8211; jedynego punktu na mapie Wiednia, gdzie spotykaj\u0105 si\u0119 trzy linie metra. 2012-05-27<\/p>\n","protected":false},"author":1,"featured_media":9102,"comment_status":"open","ping_status":"","sticky":false,"template":"","format":"standard","meta":{"footnotes":""},"categories":[220,4,46],"tags":[1796,9,276,99,97],"class_list":["post-9101","post","type-post","status-publish","format-standard","has-post-thumbnail","hentry","category-blo","category-metro","category-rok-2012","tag-2012-05-27","tag-austria","tag-stacje-wiedenskiego-metra","tag-u-bahn-wien","tag-wieden"],"_links":{"self":[{"href":"https:\/\/wgphoto.pl\/t\/index.php?rest_route=\/wp\/v2\/posts\/9101","targetHints":{"allow":["GET"]}}],"collection":[{"href":"https:\/\/wgphoto.pl\/t\/index.php?rest_route=\/wp\/v2\/posts"}],"about":[{"href":"https:\/\/wgphoto.pl\/t\/index.php?rest_route=\/wp\/v2\/types\/post"}],"author":[{"embeddable":true,"href":"https:\/\/wgphoto.pl\/t\/index.php?rest_route=\/wp\/v2\/users\/1"}],"replies":[{"embeddable":true,"href":"https:\/\/wgphoto.pl\/t\/index.php?rest_route=%2Fwp%2Fv2%2Fcomments&post=9101"}],"version-history":[{"count":1,"href":"https:\/\/wgphoto.pl\/t\/index.php?rest_route=\/wp\/v2\/posts\/9101\/revisions"}],"predecessor-version":[{"id":9103,"href":"https:\/\/wgphoto.pl\/t\/index.php?rest_route=\/wp\/v2\/posts\/9101\/revisions\/9103"}],"wp:featuredmedia":[{"embeddable":true,"href":"https:\/\/wgphoto.pl\/t\/index.php?rest_route=\/wp\/v2\/media\/9102"}],"wp:attachment":[{"href":"https:\/\/wgphoto.pl\/t\/index.php?rest_route=%2Fwp%2Fv2%2Fmedia&parent=9101"}],"wp:term":[{"taxonomy":"category","embeddable":true,"href":"https:\/\/wgphoto.pl\/t\/index.php?rest_route=%2Fwp%2Fv2%2Fcategories&post=9101"},{"taxonomy":"post_tag","embeddable":true,"href":"https:\/\/wgphoto.pl\/t\/index.php?rest_route=%2Fwp%2Fv2%2Ftags&post=9101"}],"curies":[{"name":"wp","href":"https:\/\/api.w.org\/{rel}","templated":true}]}}