{"id":9113,"date":"2025-01-07T17:29:33","date_gmt":"2025-01-07T16:29:33","guid":{"rendered":"https:\/\/wgphoto.pl\/t\/?p=9113"},"modified":"2025-01-07T17:29:33","modified_gmt":"2025-01-07T16:29:33","slug":"ruch-lewostronny-2","status":"publish","type":"post","link":"https:\/\/wgphoto.pl\/t\/?p=9113","title":{"rendered":"Ruch lewostronny"},"content":{"rendered":"\n<figure class=\"wp-block-image aligncenter size-full\"><img loading=\"lazy\" decoding=\"async\" width=\"1024\" height=\"685\" src=\"https:\/\/wgphoto.pl\/t\/wp-content\/uploads\/2025\/01\/IMGP1304.jpg\" alt=\"\" class=\"wp-image-9114\" srcset=\"https:\/\/wgphoto.pl\/t\/wp-content\/uploads\/2025\/01\/IMGP1304.jpg 1024w, https:\/\/wgphoto.pl\/t\/wp-content\/uploads\/2025\/01\/IMGP1304-300x201.jpg 300w, https:\/\/wgphoto.pl\/t\/wp-content\/uploads\/2025\/01\/IMGP1304-768x514.jpg 768w\" sizes=\"auto, (max-width: 1024px) 100vw, 1024px\" \/><\/figure>\n\n\n\n<div class=\"wp-block-group has-global-padding is-layout-constrained wp-block-group-is-layout-constrained\">\n<p>Tramwaj linii 26 jad\u0105c tras\u0105 oddan\u0105 do u\u017cytku 2,5 miesi\u0105ca temu zbli\u017ca si\u0119 do przystanku Gewerbepark Stadlau, kt\u00f3rego wyspowy peron jest przyczyn\u0105 jazdy po lewym torze. W tle widoczne s\u0105 Kahlenberg i Leopoldsberg. 24.12.2013<\/p>\n<\/div>\n","protected":false},"excerpt":{"rendered":"<p>Tramwaj linii 26 jad\u0105c tras\u0105 oddan\u0105 do u\u017cytku 2,5 miesi\u0105ca temu zbli\u017ca si\u0119 do przystanku Gewerbepark Stadlau, kt\u00f3rego wyspowy peron jest przyczyn\u0105 jazdy po lewym torze. W tle widoczne s\u0105 Kahlenberg i Leopoldsberg. 24.12.2013<\/p>\n","protected":false},"author":1,"featured_media":9114,"comment_status":"open","ping_status":"","sticky":false,"template":"","format":"standard","meta":{"footnotes":""},"categories":[55,3],"tags":[2863,9,230,271,97,98],"class_list":["post-9113","post","type-post","status-publish","format-standard","has-post-thumbnail","hentry","category-rok-2013","category-tramwaj","tag-2013-12-24","tag-austria","tag-infrastruktura","tag-ulf","tag-wieden","tag-wiener-linien"],"_links":{"self":[{"href":"https:\/\/wgphoto.pl\/t\/index.php?rest_route=\/wp\/v2\/posts\/9113","targetHints":{"allow":["GET"]}}],"collection":[{"href":"https:\/\/wgphoto.pl\/t\/index.php?rest_route=\/wp\/v2\/posts"}],"about":[{"href":"https:\/\/wgphoto.pl\/t\/index.php?rest_route=\/wp\/v2\/types\/post"}],"author":[{"embeddable":true,"href":"https:\/\/wgphoto.pl\/t\/index.php?rest_route=\/wp\/v2\/users\/1"}],"replies":[{"embeddable":true,"href":"https:\/\/wgphoto.pl\/t\/index.php?rest_route=%2Fwp%2Fv2%2Fcomments&post=9113"}],"version-history":[{"count":1,"href":"https:\/\/wgphoto.pl\/t\/index.php?rest_route=\/wp\/v2\/posts\/9113\/revisions"}],"predecessor-version":[{"id":9115,"href":"https:\/\/wgphoto.pl\/t\/index.php?rest_route=\/wp\/v2\/posts\/9113\/revisions\/9115"}],"wp:featuredmedia":[{"embeddable":true,"href":"https:\/\/wgphoto.pl\/t\/index.php?rest_route=\/wp\/v2\/media\/9114"}],"wp:attachment":[{"href":"https:\/\/wgphoto.pl\/t\/index.php?rest_route=%2Fwp%2Fv2%2Fmedia&parent=9113"}],"wp:term":[{"taxonomy":"category","embeddable":true,"href":"https:\/\/wgphoto.pl\/t\/index.php?rest_route=%2Fwp%2Fv2%2Fcategories&post=9113"},{"taxonomy":"post_tag","embeddable":true,"href":"https:\/\/wgphoto.pl\/t\/index.php?rest_route=%2Fwp%2Fv2%2Ftags&post=9113"}],"curies":[{"name":"wp","href":"https:\/\/api.w.org\/{rel}","templated":true}]}}