{"id":9116,"date":"2025-01-07T17:30:35","date_gmt":"2025-01-07T16:30:35","guid":{"rendered":"https:\/\/wgphoto.pl\/t\/?p=9116"},"modified":"2026-02-22T23:15:23","modified_gmt":"2026-02-22T22:15:23","slug":"jedzie-nowe","status":"publish","type":"post","link":"https:\/\/wgphoto.pl\/t\/?p=9116","title":{"rendered":"Jedzie nowe"},"content":{"rendered":"\n<figure class=\"wp-block-image aligncenter size-full\"><img loading=\"lazy\" decoding=\"async\" width=\"1050\" height=\"696\" src=\"https:\/\/wgphoto.pl\/t\/wp-content\/uploads\/2025\/01\/IMGP1356.jpg\" alt=\"\" class=\"wp-image-9117\" srcset=\"https:\/\/wgphoto.pl\/t\/wp-content\/uploads\/2025\/01\/IMGP1356.jpg 1050w, https:\/\/wgphoto.pl\/t\/wp-content\/uploads\/2025\/01\/IMGP1356-300x199.jpg 300w, https:\/\/wgphoto.pl\/t\/wp-content\/uploads\/2025\/01\/IMGP1356-768x509.jpg 768w\" sizes=\"auto, (max-width: 1050px) 100vw, 1050px\" \/><\/figure>\n\n\n\n<div class=\"wp-block-group has-global-padding is-layout-constrained wp-block-group-is-layout-constrained\">\n<p>Wiede\u0144, stacja Rennbahnweg. Stare odje\u017cd\u017ca, nowe przyje\u017cd\u017ca &#8211; zupe\u0142nie jak z latami. Na zdj\u0119cie za\u0142apa\u0142y si\u0119 oba typy taboru wiede\u0144skiego metra. Wagony serii U, reprezentowane po prawej stronie kadru, kursuj\u0105 od 1976 roku, czyli odk\u0105d tutejsze metro jest metrem. Prototypy pochodz\u0105 z rocznika 1972, produkcj\u0119 kontynuowano do 1997 roku, za\u015b modernizacje starszych egzemplarzy prowadzono w latach 2000-2010 i pomimo wieku pojazdy te s\u0105 nadal rze\u015bkie. Wagony serii V produkowane s\u0105 seryjnie od 2006 roku i dzi\u015b to one kr\u00f3luj\u0105 na trasach, stanowi\u0105c ju\u017c ponad po\u0142ow\u0119 taboru wiede\u0144skiego metra. Za niecodzienne o\u015bwietlenie kadru odpowiada zachodz\u0105ce s\u0142o\u0144ce. 2013-12-24<\/p>\n<\/div>\n","protected":false},"excerpt":{"rendered":"<p>Wiede\u0144, stacja Rennbahnweg. Stare odje\u017cd\u017ca, nowe przyje\u017cd\u017ca &#8211; zupe\u0142nie jak z latami. Na zdj\u0119cie za\u0142apa\u0142y si\u0119 oba typy taboru wiede\u0144skiego metra. Wagony serii U, reprezentowane po prawej stronie kadru, kursuj\u0105 od 1976 roku, czyli odk\u0105d tutejsze metro jest metrem. Prototypy pochodz\u0105 z rocznika 1972, produkcj\u0119 kontynuowano do 1997 roku, za\u015b modernizacje starszych egzemplarzy prowadzono w [&hellip;]<\/p>\n","protected":false},"author":1,"featured_media":9117,"comment_status":"open","ping_status":"","sticky":false,"template":"","format":"standard","meta":{"footnotes":""},"categories":[4,55],"tags":[2863,9,389,4680,99,4679,97,98],"class_list":["post-9116","post","type-post","status-publish","format-standard","has-post-thumbnail","hentry","category-metro","category-rok-2013","tag-2013-12-24","tag-austria","tag-mijanka","tag-u","tag-u-bahn-wien","tag-v","tag-wieden","tag-wiener-linien"],"_links":{"self":[{"href":"https:\/\/wgphoto.pl\/t\/index.php?rest_route=\/wp\/v2\/posts\/9116","targetHints":{"allow":["GET"]}}],"collection":[{"href":"https:\/\/wgphoto.pl\/t\/index.php?rest_route=\/wp\/v2\/posts"}],"about":[{"href":"https:\/\/wgphoto.pl\/t\/index.php?rest_route=\/wp\/v2\/types\/post"}],"author":[{"embeddable":true,"href":"https:\/\/wgphoto.pl\/t\/index.php?rest_route=\/wp\/v2\/users\/1"}],"replies":[{"embeddable":true,"href":"https:\/\/wgphoto.pl\/t\/index.php?rest_route=%2Fwp%2Fv2%2Fcomments&post=9116"}],"version-history":[{"count":2,"href":"https:\/\/wgphoto.pl\/t\/index.php?rest_route=\/wp\/v2\/posts\/9116\/revisions"}],"predecessor-version":[{"id":9119,"href":"https:\/\/wgphoto.pl\/t\/index.php?rest_route=\/wp\/v2\/posts\/9116\/revisions\/9119"}],"wp:featuredmedia":[{"embeddable":true,"href":"https:\/\/wgphoto.pl\/t\/index.php?rest_route=\/wp\/v2\/media\/9117"}],"wp:attachment":[{"href":"https:\/\/wgphoto.pl\/t\/index.php?rest_route=%2Fwp%2Fv2%2Fmedia&parent=9116"}],"wp:term":[{"taxonomy":"category","embeddable":true,"href":"https:\/\/wgphoto.pl\/t\/index.php?rest_route=%2Fwp%2Fv2%2Fcategories&post=9116"},{"taxonomy":"post_tag","embeddable":true,"href":"https:\/\/wgphoto.pl\/t\/index.php?rest_route=%2Fwp%2Fv2%2Ftags&post=9116"}],"curies":[{"name":"wp","href":"https:\/\/api.w.org\/{rel}","templated":true}]}}