{"id":9120,"date":"2025-01-07T17:32:06","date_gmt":"2025-01-07T16:32:06","guid":{"rendered":"https:\/\/wgphoto.pl\/t\/?p=9120"},"modified":"2025-01-07T17:32:06","modified_gmt":"2025-01-07T16:32:06","slug":"kagran","status":"publish","type":"post","link":"https:\/\/wgphoto.pl\/t\/?p=9120","title":{"rendered":"Kagran"},"content":{"rendered":"\n<figure class=\"wp-block-image aligncenter size-full\"><img loading=\"lazy\" decoding=\"async\" width=\"1300\" height=\"861\" src=\"https:\/\/wgphoto.pl\/t\/wp-content\/uploads\/2025\/01\/IMGP1372.jpg\" alt=\"\" class=\"wp-image-9121\" srcset=\"https:\/\/wgphoto.pl\/t\/wp-content\/uploads\/2025\/01\/IMGP1372.jpg 1300w, https:\/\/wgphoto.pl\/t\/wp-content\/uploads\/2025\/01\/IMGP1372-300x199.jpg 300w, https:\/\/wgphoto.pl\/t\/wp-content\/uploads\/2025\/01\/IMGP1372-768x509.jpg 768w\" sizes=\"auto, (max-width: 1300px) 100vw, 1300px\" \/><\/figure>\n\n\n\n<div class=\"wp-block-group has-global-padding is-layout-constrained wp-block-group-is-layout-constrained\">\n<p>Wiede\u0144, w\u0119ze\u0142 Kagran U. Tramwaj linii 25 za moment odjedzie z przystanku zlokalizowanego pod interesuj\u0105c\u0105 fasad\u0105 centrum handlowego. Przy okazji wida\u0107, \u017ce moda na LED-owe o\u015bwietlenie tramwaj\u00f3w dotar\u0142a tak\u017ce do stolicy Austrii. 2013-12-25<\/p>\n<\/div>\n","protected":false},"excerpt":{"rendered":"<p>Wiede\u0144, w\u0119ze\u0142 Kagran U. Tramwaj linii 25 za moment odjedzie z przystanku zlokalizowanego pod interesuj\u0105c\u0105 fasad\u0105 centrum handlowego. Przy okazji wida\u0107, \u017ce moda na LED-owe o\u015bwietlenie tramwaj\u00f3w dotar\u0142a tak\u017ce do stolicy Austrii. 2013-12-25<\/p>\n","protected":false},"author":1,"featured_media":9121,"comment_status":"open","ping_status":"","sticky":false,"template":"","format":"standard","meta":{"footnotes":""},"categories":[55,3],"tags":[2862,34,9,91,271,90,97,98],"class_list":["post-9120","post","type-post","status-publish","format-standard","has-post-thumbnail","hentry","category-rok-2013","category-tramwaj","tag-2013-12-25","tag-architektura","tag-austria","tag-blue-hour","tag-ulf","tag-wieczorem","tag-wieden","tag-wiener-linien"],"_links":{"self":[{"href":"https:\/\/wgphoto.pl\/t\/index.php?rest_route=\/wp\/v2\/posts\/9120","targetHints":{"allow":["GET"]}}],"collection":[{"href":"https:\/\/wgphoto.pl\/t\/index.php?rest_route=\/wp\/v2\/posts"}],"about":[{"href":"https:\/\/wgphoto.pl\/t\/index.php?rest_route=\/wp\/v2\/types\/post"}],"author":[{"embeddable":true,"href":"https:\/\/wgphoto.pl\/t\/index.php?rest_route=\/wp\/v2\/users\/1"}],"replies":[{"embeddable":true,"href":"https:\/\/wgphoto.pl\/t\/index.php?rest_route=%2Fwp%2Fv2%2Fcomments&post=9120"}],"version-history":[{"count":1,"href":"https:\/\/wgphoto.pl\/t\/index.php?rest_route=\/wp\/v2\/posts\/9120\/revisions"}],"predecessor-version":[{"id":9122,"href":"https:\/\/wgphoto.pl\/t\/index.php?rest_route=\/wp\/v2\/posts\/9120\/revisions\/9122"}],"wp:featuredmedia":[{"embeddable":true,"href":"https:\/\/wgphoto.pl\/t\/index.php?rest_route=\/wp\/v2\/media\/9121"}],"wp:attachment":[{"href":"https:\/\/wgphoto.pl\/t\/index.php?rest_route=%2Fwp%2Fv2%2Fmedia&parent=9120"}],"wp:term":[{"taxonomy":"category","embeddable":true,"href":"https:\/\/wgphoto.pl\/t\/index.php?rest_route=%2Fwp%2Fv2%2Fcategories&post=9120"},{"taxonomy":"post_tag","embeddable":true,"href":"https:\/\/wgphoto.pl\/t\/index.php?rest_route=%2Fwp%2Fv2%2Ftags&post=9120"}],"curies":[{"name":"wp","href":"https:\/\/api.w.org\/{rel}","templated":true}]}}