{"id":9123,"date":"2025-01-07T17:33:12","date_gmt":"2025-01-07T16:33:12","guid":{"rendered":"https:\/\/wgphoto.pl\/t\/?p=9123"},"modified":"2025-01-07T17:33:12","modified_gmt":"2025-01-07T16:33:12","slug":"stadlau","status":"publish","type":"post","link":"https:\/\/wgphoto.pl\/t\/?p=9123","title":{"rendered":"Stadlau"},"content":{"rendered":"\n<figure class=\"wp-block-image aligncenter size-full\"><img loading=\"lazy\" decoding=\"async\" width=\"1024\" height=\"685\" src=\"https:\/\/wgphoto.pl\/t\/wp-content\/uploads\/2025\/01\/IMGP1295.jpg\" alt=\"\" class=\"wp-image-9124\" srcset=\"https:\/\/wgphoto.pl\/t\/wp-content\/uploads\/2025\/01\/IMGP1295.jpg 1024w, https:\/\/wgphoto.pl\/t\/wp-content\/uploads\/2025\/01\/IMGP1295-300x201.jpg 300w, https:\/\/wgphoto.pl\/t\/wp-content\/uploads\/2025\/01\/IMGP1295-768x514.jpg 768w\" sizes=\"auto, (max-width: 1024px) 100vw, 1024px\" \/><\/figure>\n\n\n\n<div class=\"wp-block-group has-global-padding is-layout-constrained wp-block-group-is-layout-constrained\">\n<p>Wschodni kraniec estakady tramwajowej nad torami kolejowymi, autostrad\u0105 oraz centrum handlowym w dzielnicy Stadlau. W g\u0142\u0119bi po lewej widoczny jest przystanek na estakadzie, wyposa\u017cony w peron wyspowy, kt\u00f3ry jest przyczyn\u0105 stosowania w tym miejscu ruchu lewostronnego. 24.12.2013<\/p>\n<\/div>\n","protected":false},"excerpt":{"rendered":"<p>Wschodni kraniec estakady tramwajowej nad torami kolejowymi, autostrad\u0105 oraz centrum handlowym w dzielnicy Stadlau. W g\u0142\u0119bi po lewej widoczny jest przystanek na estakadzie, wyposa\u017cony w peron wyspowy, kt\u00f3ry jest przyczyn\u0105 stosowania w tym miejscu ruchu lewostronnego. 24.12.2013<\/p>\n","protected":false},"author":1,"featured_media":9124,"comment_status":"open","ping_status":"","sticky":false,"template":"","format":"standard","meta":{"footnotes":""},"categories":[55,3],"tags":[2863,9,230,118,271,97,98],"class_list":["post-9123","post","type-post","status-publish","format-standard","has-post-thumbnail","hentry","category-rok-2013","category-tramwaj","tag-2013-12-24","tag-austria","tag-infrastruktura","tag-plany-i-profile","tag-ulf","tag-wieden","tag-wiener-linien"],"_links":{"self":[{"href":"https:\/\/wgphoto.pl\/t\/index.php?rest_route=\/wp\/v2\/posts\/9123","targetHints":{"allow":["GET"]}}],"collection":[{"href":"https:\/\/wgphoto.pl\/t\/index.php?rest_route=\/wp\/v2\/posts"}],"about":[{"href":"https:\/\/wgphoto.pl\/t\/index.php?rest_route=\/wp\/v2\/types\/post"}],"author":[{"embeddable":true,"href":"https:\/\/wgphoto.pl\/t\/index.php?rest_route=\/wp\/v2\/users\/1"}],"replies":[{"embeddable":true,"href":"https:\/\/wgphoto.pl\/t\/index.php?rest_route=%2Fwp%2Fv2%2Fcomments&post=9123"}],"version-history":[{"count":1,"href":"https:\/\/wgphoto.pl\/t\/index.php?rest_route=\/wp\/v2\/posts\/9123\/revisions"}],"predecessor-version":[{"id":9125,"href":"https:\/\/wgphoto.pl\/t\/index.php?rest_route=\/wp\/v2\/posts\/9123\/revisions\/9125"}],"wp:featuredmedia":[{"embeddable":true,"href":"https:\/\/wgphoto.pl\/t\/index.php?rest_route=\/wp\/v2\/media\/9124"}],"wp:attachment":[{"href":"https:\/\/wgphoto.pl\/t\/index.php?rest_route=%2Fwp%2Fv2%2Fmedia&parent=9123"}],"wp:term":[{"taxonomy":"category","embeddable":true,"href":"https:\/\/wgphoto.pl\/t\/index.php?rest_route=%2Fwp%2Fv2%2Fcategories&post=9123"},{"taxonomy":"post_tag","embeddable":true,"href":"https:\/\/wgphoto.pl\/t\/index.php?rest_route=%2Fwp%2Fv2%2Ftags&post=9123"}],"curies":[{"name":"wp","href":"https:\/\/api.w.org\/{rel}","templated":true}]}}