{"id":9126,"date":"2025-01-07T17:34:19","date_gmt":"2025-01-07T16:34:19","guid":{"rendered":"https:\/\/wgphoto.pl\/t\/?p=9126"},"modified":"2025-01-07T17:34:19","modified_gmt":"2025-01-07T16:34:19","slug":"7-lat-pozniej","status":"publish","type":"post","link":"https:\/\/wgphoto.pl\/t\/?p=9126","title":{"rendered":"7 lat p\u00f3\u017aniej"},"content":{"rendered":"\n<figure class=\"wp-block-image aligncenter size-full\"><img loading=\"lazy\" decoding=\"async\" width=\"1024\" height=\"685\" src=\"https:\/\/wgphoto.pl\/t\/wp-content\/uploads\/2025\/01\/IMGP1236-1.jpg\" alt=\"\" class=\"wp-image-9127\" srcset=\"https:\/\/wgphoto.pl\/t\/wp-content\/uploads\/2025\/01\/IMGP1236-1.jpg 1024w, https:\/\/wgphoto.pl\/t\/wp-content\/uploads\/2025\/01\/IMGP1236-1-300x201.jpg 300w, https:\/\/wgphoto.pl\/t\/wp-content\/uploads\/2025\/01\/IMGP1236-1-768x514.jpg 768w\" sizes=\"auto, (max-width: 1024px) 100vw, 1024px\" \/><\/figure>\n\n\n\n<div class=\"wp-block-group has-global-padding is-layout-constrained wp-block-group-is-layout-constrained\">\n<p>ULF na linii 62 odbywa kr\u00f3tki post\u00f3j na podziemnym przystanku Matzleinsdorfer Platz. Jako \u017ce podobne uj\u0119cie ju\u017c si\u0119 tutaj pojawi\u0142o, ch\u0119tni mo\u017ce zechc\u0105 zauwa\u017cy\u0107 na przyk\u0142ad, \u017ce w ci\u0105gu siedmiu lat wymieniono \u015bcienn\u0105 glazur\u0119 na mozaik\u0119, wygaszono kilka \u015bwietl\u00f3wek oraz nadano peronom w ramach w\u0119z\u0142a literowe oznaczenia. 23.12.2013<\/p>\n<\/div>\n","protected":false},"excerpt":{"rendered":"<p>ULF na linii 62 odbywa kr\u00f3tki post\u00f3j na podziemnym przystanku Matzleinsdorfer Platz. Jako \u017ce podobne uj\u0119cie ju\u017c si\u0119 tutaj pojawi\u0142o, ch\u0119tni mo\u017ce zechc\u0105 zauwa\u017cy\u0107 na przyk\u0142ad, \u017ce w ci\u0105gu siedmiu lat wymieniono \u015bcienn\u0105 glazur\u0119 na mozaik\u0119, wygaszono kilka \u015bwietl\u00f3wek oraz nadano peronom w ramach w\u0119z\u0142a literowe oznaczenia. 23.12.2013<\/p>\n","protected":false},"author":1,"featured_media":9127,"comment_status":"open","ping_status":"","sticky":false,"template":"","format":"standard","meta":{"footnotes":""},"categories":[55,3],"tags":[826,9,103,15,271,97,98],"class_list":["post-9126","post","type-post","status-publish","format-standard","has-post-thumbnail","hentry","category-rok-2013","category-tramwaj","tag-2013-12-23","tag-austria","tag-premetro","tag-tunel","tag-ulf","tag-wieden","tag-wiener-linien"],"_links":{"self":[{"href":"https:\/\/wgphoto.pl\/t\/index.php?rest_route=\/wp\/v2\/posts\/9126","targetHints":{"allow":["GET"]}}],"collection":[{"href":"https:\/\/wgphoto.pl\/t\/index.php?rest_route=\/wp\/v2\/posts"}],"about":[{"href":"https:\/\/wgphoto.pl\/t\/index.php?rest_route=\/wp\/v2\/types\/post"}],"author":[{"embeddable":true,"href":"https:\/\/wgphoto.pl\/t\/index.php?rest_route=\/wp\/v2\/users\/1"}],"replies":[{"embeddable":true,"href":"https:\/\/wgphoto.pl\/t\/index.php?rest_route=%2Fwp%2Fv2%2Fcomments&post=9126"}],"version-history":[{"count":1,"href":"https:\/\/wgphoto.pl\/t\/index.php?rest_route=\/wp\/v2\/posts\/9126\/revisions"}],"predecessor-version":[{"id":9128,"href":"https:\/\/wgphoto.pl\/t\/index.php?rest_route=\/wp\/v2\/posts\/9126\/revisions\/9128"}],"wp:featuredmedia":[{"embeddable":true,"href":"https:\/\/wgphoto.pl\/t\/index.php?rest_route=\/wp\/v2\/media\/9127"}],"wp:attachment":[{"href":"https:\/\/wgphoto.pl\/t\/index.php?rest_route=%2Fwp%2Fv2%2Fmedia&parent=9126"}],"wp:term":[{"taxonomy":"category","embeddable":true,"href":"https:\/\/wgphoto.pl\/t\/index.php?rest_route=%2Fwp%2Fv2%2Fcategories&post=9126"},{"taxonomy":"post_tag","embeddable":true,"href":"https:\/\/wgphoto.pl\/t\/index.php?rest_route=%2Fwp%2Fv2%2Ftags&post=9126"}],"curies":[{"name":"wp","href":"https:\/\/api.w.org\/{rel}","templated":true}]}}