{"id":9129,"date":"2025-01-07T17:35:19","date_gmt":"2025-01-07T16:35:19","guid":{"rendered":"https:\/\/wgphoto.pl\/t\/?p=9129"},"modified":"2025-01-07T17:35:19","modified_gmt":"2025-01-07T16:35:19","slug":"dawniej","status":"publish","type":"post","link":"https:\/\/wgphoto.pl\/t\/?p=9129","title":{"rendered":"Dawniej\u2026"},"content":{"rendered":"\n<figure class=\"wp-block-image aligncenter size-full\"><img loading=\"lazy\" decoding=\"async\" width=\"1024\" height=\"685\" src=\"https:\/\/wgphoto.pl\/t\/wp-content\/uploads\/2025\/01\/IMGP1053.jpg\" alt=\"\" class=\"wp-image-9130\" srcset=\"https:\/\/wgphoto.pl\/t\/wp-content\/uploads\/2025\/01\/IMGP1053.jpg 1024w, https:\/\/wgphoto.pl\/t\/wp-content\/uploads\/2025\/01\/IMGP1053-300x201.jpg 300w, https:\/\/wgphoto.pl\/t\/wp-content\/uploads\/2025\/01\/IMGP1053-768x514.jpg 768w\" sizes=\"auto, (max-width: 1024px) 100vw, 1024px\" \/><\/figure>\n\n\n\n<div class=\"wp-block-group has-global-padding is-layout-constrained wp-block-group-is-layout-constrained\">\n<p>Wiede\u0144, Matzleinsdorfer Platz. A\u017c wstyd prezentowa\u0107 takiego zaszumionego kwasa, ale nie mam lepszego zdj\u0119cia prezentuj\u0105cego pe\u0142en oldskul w wiede\u0144skim premetrze, jaki mo\u017cna by\u0142o spotka\u0107 jeszcze par\u0119 lat temu. Na przystanku pod S\u00fcdtiroler Platz za spraw\u0105 mozaiki przedstawiaj\u0105cej map\u0119 Wiednia by\u0142o jeszcze ciekawiej, ale za tamten przystanek zabrano si\u0119 w pierwszej kolejno\u015bci (prace trwa\u0142y ju\u017c w czasie wykonywania powy\u017cszego knota) w zwi\u0105zku z przebudow\u0105 okolicy, zwi\u0105zan\u0105 z budow\u0105 nowego dworca g\u0142\u00f3wnego &#8211; obecnie podziemny przystanek tramwajowy wchodzi w jego kompleks. 13.12.2009<\/p>\n<\/div>\n","protected":false},"excerpt":{"rendered":"<p>Wiede\u0144, Matzleinsdorfer Platz. A\u017c wstyd prezentowa\u0107 takiego zaszumionego kwasa, ale nie mam lepszego zdj\u0119cia prezentuj\u0105cego pe\u0142en oldskul w wiede\u0144skim premetrze, jaki mo\u017cna by\u0142o spotka\u0107 jeszcze par\u0119 lat temu. Na przystanku pod S\u00fcdtiroler Platz za spraw\u0105 mozaiki przedstawiaj\u0105cej map\u0119 Wiednia by\u0142o jeszcze ciekawiej, ale za tamten przystanek zabrano si\u0119 w pierwszej kolejno\u015bci (prace trwa\u0142y ju\u017c w [&hellip;]<\/p>\n","protected":false},"author":1,"featured_media":9130,"comment_status":"open","ping_status":"","sticky":false,"template":"","format":"standard","meta":{"footnotes":""},"categories":[169,3],"tags":[272,9,102,101,1767,103,15,97,98],"class_list":["post-9129","post","type-post","status-publish","format-standard","has-post-thumbnail","hentry","category-rok-2009","category-tramwaj","tag-2009-12-13","tag-austria","tag-e1","tag-gt6","tag-porownania","tag-premetro","tag-tunel","tag-wieden","tag-wiener-linien"],"_links":{"self":[{"href":"https:\/\/wgphoto.pl\/t\/index.php?rest_route=\/wp\/v2\/posts\/9129","targetHints":{"allow":["GET"]}}],"collection":[{"href":"https:\/\/wgphoto.pl\/t\/index.php?rest_route=\/wp\/v2\/posts"}],"about":[{"href":"https:\/\/wgphoto.pl\/t\/index.php?rest_route=\/wp\/v2\/types\/post"}],"author":[{"embeddable":true,"href":"https:\/\/wgphoto.pl\/t\/index.php?rest_route=\/wp\/v2\/users\/1"}],"replies":[{"embeddable":true,"href":"https:\/\/wgphoto.pl\/t\/index.php?rest_route=%2Fwp%2Fv2%2Fcomments&post=9129"}],"version-history":[{"count":1,"href":"https:\/\/wgphoto.pl\/t\/index.php?rest_route=\/wp\/v2\/posts\/9129\/revisions"}],"predecessor-version":[{"id":9131,"href":"https:\/\/wgphoto.pl\/t\/index.php?rest_route=\/wp\/v2\/posts\/9129\/revisions\/9131"}],"wp:featuredmedia":[{"embeddable":true,"href":"https:\/\/wgphoto.pl\/t\/index.php?rest_route=\/wp\/v2\/media\/9130"}],"wp:attachment":[{"href":"https:\/\/wgphoto.pl\/t\/index.php?rest_route=%2Fwp%2Fv2%2Fmedia&parent=9129"}],"wp:term":[{"taxonomy":"category","embeddable":true,"href":"https:\/\/wgphoto.pl\/t\/index.php?rest_route=%2Fwp%2Fv2%2Fcategories&post=9129"},{"taxonomy":"post_tag","embeddable":true,"href":"https:\/\/wgphoto.pl\/t\/index.php?rest_route=%2Fwp%2Fv2%2Ftags&post=9129"}],"curies":[{"name":"wp","href":"https:\/\/api.w.org\/{rel}","templated":true}]}}