{"id":9132,"date":"2025-01-07T17:36:12","date_gmt":"2025-01-07T16:36:12","guid":{"rendered":"https:\/\/wgphoto.pl\/t\/?p=9132"},"modified":"2025-01-07T17:36:12","modified_gmt":"2025-01-07T16:36:12","slug":"i-dzis","status":"publish","type":"post","link":"https:\/\/wgphoto.pl\/t\/?p=9132","title":{"rendered":"\u2026i dzi\u015b"},"content":{"rendered":"\n<figure class=\"wp-block-image aligncenter size-full\"><img loading=\"lazy\" decoding=\"async\" width=\"1024\" height=\"685\" src=\"https:\/\/wgphoto.pl\/t\/wp-content\/uploads\/2025\/01\/IMGP1242-1.jpg\" alt=\"\" class=\"wp-image-9133\" srcset=\"https:\/\/wgphoto.pl\/t\/wp-content\/uploads\/2025\/01\/IMGP1242-1.jpg 1024w, https:\/\/wgphoto.pl\/t\/wp-content\/uploads\/2025\/01\/IMGP1242-1-300x201.jpg 300w, https:\/\/wgphoto.pl\/t\/wp-content\/uploads\/2025\/01\/IMGP1242-1-768x514.jpg 768w\" sizes=\"auto, (max-width: 1024px) 100vw, 1024px\" \/><\/figure>\n\n\n\n<div class=\"wp-block-group has-global-padding is-layout-constrained wp-block-group-is-layout-constrained\">\n<p>Wiede\u0144, Matzleinsdorfer Platz A.D. 2013. Nowoczesny pojazd nie pojawi\u0142 si\u0119 w tym kadrze celowo &#8211; po prostu nie trafi\u0142em na liniach tunelowych pojazd\u00f3w prezentowanych na poprzednim zdj\u0119ciu. R\u00f3wnie\u017c i na tramwajach zmiana pokoleniowa staje si\u0119 coraz bardziej widoczna. 23.12.2013<\/p>\n<\/div>\n","protected":false},"excerpt":{"rendered":"<p>Wiede\u0144, Matzleinsdorfer Platz A.D. 2013. Nowoczesny pojazd nie pojawi\u0142 si\u0119 w tym kadrze celowo &#8211; po prostu nie trafi\u0142em na liniach tunelowych pojazd\u00f3w prezentowanych na poprzednim zdj\u0119ciu. R\u00f3wnie\u017c i na tramwajach zmiana pokoleniowa staje si\u0119 coraz bardziej widoczna. 23.12.2013<\/p>\n","protected":false},"author":1,"featured_media":9133,"comment_status":"open","ping_status":"","sticky":false,"template":"","format":"standard","meta":{"footnotes":""},"categories":[55,3],"tags":[826,9,1767,103,15,271,97,98],"class_list":["post-9132","post","type-post","status-publish","format-standard","has-post-thumbnail","hentry","category-rok-2013","category-tramwaj","tag-2013-12-23","tag-austria","tag-porownania","tag-premetro","tag-tunel","tag-ulf","tag-wieden","tag-wiener-linien"],"_links":{"self":[{"href":"https:\/\/wgphoto.pl\/t\/index.php?rest_route=\/wp\/v2\/posts\/9132","targetHints":{"allow":["GET"]}}],"collection":[{"href":"https:\/\/wgphoto.pl\/t\/index.php?rest_route=\/wp\/v2\/posts"}],"about":[{"href":"https:\/\/wgphoto.pl\/t\/index.php?rest_route=\/wp\/v2\/types\/post"}],"author":[{"embeddable":true,"href":"https:\/\/wgphoto.pl\/t\/index.php?rest_route=\/wp\/v2\/users\/1"}],"replies":[{"embeddable":true,"href":"https:\/\/wgphoto.pl\/t\/index.php?rest_route=%2Fwp%2Fv2%2Fcomments&post=9132"}],"version-history":[{"count":1,"href":"https:\/\/wgphoto.pl\/t\/index.php?rest_route=\/wp\/v2\/posts\/9132\/revisions"}],"predecessor-version":[{"id":9134,"href":"https:\/\/wgphoto.pl\/t\/index.php?rest_route=\/wp\/v2\/posts\/9132\/revisions\/9134"}],"wp:featuredmedia":[{"embeddable":true,"href":"https:\/\/wgphoto.pl\/t\/index.php?rest_route=\/wp\/v2\/media\/9133"}],"wp:attachment":[{"href":"https:\/\/wgphoto.pl\/t\/index.php?rest_route=%2Fwp%2Fv2%2Fmedia&parent=9132"}],"wp:term":[{"taxonomy":"category","embeddable":true,"href":"https:\/\/wgphoto.pl\/t\/index.php?rest_route=%2Fwp%2Fv2%2Fcategories&post=9132"},{"taxonomy":"post_tag","embeddable":true,"href":"https:\/\/wgphoto.pl\/t\/index.php?rest_route=%2Fwp%2Fv2%2Ftags&post=9132"}],"curies":[{"name":"wp","href":"https:\/\/api.w.org\/{rel}","templated":true}]}}