{"id":9145,"date":"2025-01-07T17:41:02","date_gmt":"2025-01-07T16:41:02","guid":{"rendered":"https:\/\/wgphoto.pl\/t\/?p=9145"},"modified":"2025-01-07T17:41:02","modified_gmt":"2025-01-07T16:41:02","slug":"most-trzebnicki","status":"publish","type":"post","link":"https:\/\/wgphoto.pl\/t\/?p=9145","title":{"rendered":"Most Trzebnicki"},"content":{"rendered":"\n<figure class=\"wp-block-image aligncenter size-full\"><img loading=\"lazy\" decoding=\"async\" width=\"1200\" height=\"800\" src=\"https:\/\/wgphoto.pl\/t\/wp-content\/uploads\/2025\/01\/IMGP2284.jpg\" alt=\"\" class=\"wp-image-9146\" srcset=\"https:\/\/wgphoto.pl\/t\/wp-content\/uploads\/2025\/01\/IMGP2284.jpg 1200w, https:\/\/wgphoto.pl\/t\/wp-content\/uploads\/2025\/01\/IMGP2284-300x200.jpg 300w, https:\/\/wgphoto.pl\/t\/wp-content\/uploads\/2025\/01\/IMGP2284-768x512.jpg 768w\" sizes=\"auto, (max-width: 1200px) 100vw, 1200px\" \/><\/figure>\n\n\n\n<div class=\"wp-block-group has-global-padding is-layout-constrained wp-block-group-is-layout-constrained\">\n<p>Zestaw 105NWr 2308+2309 pokonuje Most Trzebnicki. Z jednej strony na numeracji pojazd\u00f3w mi nie zale\u017cy, ale jednak lubi\u0119 te cyferki zna\u0107. W zwi\u0105zku z tym zupe\u0142nym przypadkiem w kadr wjecha\u0142 mi jedyny sk\u0142ad z wy\u015bwietlaczami na dachu (toto takie w\u0105skie, ciemne, do niczego nie potrzebne) i pantografem Stemmanna (drugi zestaw z wy\u015bwietlaczami charakteryzuje si\u0119 z kolei niespotykanym w innych trabantach odbierakiem OTK-2). Aby zachowa\u0107 zwi\u0105zek z poprzednim zdj\u0119ciem w tle znalaz\u0142a si\u0119 wie\u017ca ci\u015bnie\u0144 stoj\u0105ca na placu Dani\u0142owskiego. 05.01.2014<\/p>\n<\/div>\n","protected":false},"excerpt":{"rendered":"<p>Zestaw 105NWr 2308+2309 pokonuje Most Trzebnicki. Z jednej strony na numeracji pojazd\u00f3w mi nie zale\u017cy, ale jednak lubi\u0119 te cyferki zna\u0107. W zwi\u0105zku z tym zupe\u0142nym przypadkiem w kadr wjecha\u0142 mi jedyny sk\u0142ad z wy\u015bwietlaczami na dachu (toto takie w\u0105skie, ciemne, do niczego nie potrzebne) i pantografem Stemmanna (drugi zestaw z wy\u015bwietlaczami charakteryzuje si\u0119 z [&hellip;]<\/p>\n","protected":false},"author":1,"featured_media":9146,"comment_status":"open","ping_status":"","sticky":false,"template":"","format":"standard","meta":{"footnotes":""},"categories":[48,3],"tags":[43,2864,45,42,27,73,41],"class_list":["post-9145","post","type-post","status-publish","format-standard","has-post-thumbnail","hentry","category-rok-2014","category-tramwaj","tag-105nwr","tag-2014-01-05","tag-most","tag-mpk-wroclaw","tag-polska","tag-rzeka","tag-wroclaw"],"_links":{"self":[{"href":"https:\/\/wgphoto.pl\/t\/index.php?rest_route=\/wp\/v2\/posts\/9145","targetHints":{"allow":["GET"]}}],"collection":[{"href":"https:\/\/wgphoto.pl\/t\/index.php?rest_route=\/wp\/v2\/posts"}],"about":[{"href":"https:\/\/wgphoto.pl\/t\/index.php?rest_route=\/wp\/v2\/types\/post"}],"author":[{"embeddable":true,"href":"https:\/\/wgphoto.pl\/t\/index.php?rest_route=\/wp\/v2\/users\/1"}],"replies":[{"embeddable":true,"href":"https:\/\/wgphoto.pl\/t\/index.php?rest_route=%2Fwp%2Fv2%2Fcomments&post=9145"}],"version-history":[{"count":1,"href":"https:\/\/wgphoto.pl\/t\/index.php?rest_route=\/wp\/v2\/posts\/9145\/revisions"}],"predecessor-version":[{"id":9147,"href":"https:\/\/wgphoto.pl\/t\/index.php?rest_route=\/wp\/v2\/posts\/9145\/revisions\/9147"}],"wp:featuredmedia":[{"embeddable":true,"href":"https:\/\/wgphoto.pl\/t\/index.php?rest_route=\/wp\/v2\/media\/9146"}],"wp:attachment":[{"href":"https:\/\/wgphoto.pl\/t\/index.php?rest_route=%2Fwp%2Fv2%2Fmedia&parent=9145"}],"wp:term":[{"taxonomy":"category","embeddable":true,"href":"https:\/\/wgphoto.pl\/t\/index.php?rest_route=%2Fwp%2Fv2%2Fcategories&post=9145"},{"taxonomy":"post_tag","embeddable":true,"href":"https:\/\/wgphoto.pl\/t\/index.php?rest_route=%2Fwp%2Fv2%2Ftags&post=9145"}],"curies":[{"name":"wp","href":"https:\/\/api.w.org\/{rel}","templated":true}]}}