{"id":9148,"date":"2025-01-07T17:42:11","date_gmt":"2025-01-07T16:42:11","guid":{"rendered":"https:\/\/wgphoto.pl\/t\/?p=9148"},"modified":"2025-01-07T17:42:11","modified_gmt":"2025-01-07T16:42:11","slug":"miejski-biegacz-na-deptaku","status":"publish","type":"post","link":"https:\/\/wgphoto.pl\/t\/?p=9148","title":{"rendered":"Miejski biegacz na deptaku"},"content":{"rendered":"\n<figure class=\"wp-block-image aligncenter size-full\"><img loading=\"lazy\" decoding=\"async\" width=\"600\" height=\"900\" src=\"https:\/\/wgphoto.pl\/t\/wp-content\/uploads\/2025\/01\/IMGP1814.jpg\" alt=\"\" class=\"wp-image-9149\" srcset=\"https:\/\/wgphoto.pl\/t\/wp-content\/uploads\/2025\/01\/IMGP1814.jpg 600w, https:\/\/wgphoto.pl\/t\/wp-content\/uploads\/2025\/01\/IMGP1814-200x300.jpg 200w\" sizes=\"auto, (max-width: 600px) 100vw, 600px\" \/><\/figure>\n\n\n\n<div class=\"wp-block-group has-global-padding is-layout-constrained wp-block-group-is-layout-constrained\">\n<p>Graz, Herrengasse. \u015awi\u0105teczne ozdoby na g\u0142\u00f3wnym deptaku miasta robi\u0105 wra\u017cenie. 2013-12-27<\/p>\n<\/div>\n","protected":false},"excerpt":{"rendered":"<p>Graz, Herrengasse. \u015awi\u0105teczne ozdoby na g\u0142\u00f3wnym deptaku miasta robi\u0105 wra\u017cenie. 2013-12-27<\/p>\n","protected":false},"author":1,"featured_media":9149,"comment_status":"open","ping_status":"","sticky":false,"template":"","format":"standard","meta":{"footnotes":""},"categories":[128,55,3],"tags":[275,9,185,239,273,274,1491],"class_list":["post-9148","post","type-post","status-publish","format-standard","has-post-thumbnail","hentry","category-pionowe","category-rok-2013","category-tramwaj","tag-2013-12-27","tag-austria","tag-cityrunner","tag-deptak","tag-graz","tag-holding-graz-linien","tag-swiateczne-akcenty"],"_links":{"self":[{"href":"https:\/\/wgphoto.pl\/t\/index.php?rest_route=\/wp\/v2\/posts\/9148","targetHints":{"allow":["GET"]}}],"collection":[{"href":"https:\/\/wgphoto.pl\/t\/index.php?rest_route=\/wp\/v2\/posts"}],"about":[{"href":"https:\/\/wgphoto.pl\/t\/index.php?rest_route=\/wp\/v2\/types\/post"}],"author":[{"embeddable":true,"href":"https:\/\/wgphoto.pl\/t\/index.php?rest_route=\/wp\/v2\/users\/1"}],"replies":[{"embeddable":true,"href":"https:\/\/wgphoto.pl\/t\/index.php?rest_route=%2Fwp%2Fv2%2Fcomments&post=9148"}],"version-history":[{"count":1,"href":"https:\/\/wgphoto.pl\/t\/index.php?rest_route=\/wp\/v2\/posts\/9148\/revisions"}],"predecessor-version":[{"id":9150,"href":"https:\/\/wgphoto.pl\/t\/index.php?rest_route=\/wp\/v2\/posts\/9148\/revisions\/9150"}],"wp:featuredmedia":[{"embeddable":true,"href":"https:\/\/wgphoto.pl\/t\/index.php?rest_route=\/wp\/v2\/media\/9149"}],"wp:attachment":[{"href":"https:\/\/wgphoto.pl\/t\/index.php?rest_route=%2Fwp%2Fv2%2Fmedia&parent=9148"}],"wp:term":[{"taxonomy":"category","embeddable":true,"href":"https:\/\/wgphoto.pl\/t\/index.php?rest_route=%2Fwp%2Fv2%2Fcategories&post=9148"},{"taxonomy":"post_tag","embeddable":true,"href":"https:\/\/wgphoto.pl\/t\/index.php?rest_route=%2Fwp%2Fv2%2Ftags&post=9148"}],"curies":[{"name":"wp","href":"https:\/\/api.w.org\/{rel}","templated":true}]}}