{"id":9151,"date":"2025-01-07T17:43:22","date_gmt":"2025-01-07T16:43:22","guid":{"rendered":"https:\/\/wgphoto.pl\/t\/?p=9151"},"modified":"2025-01-07T17:43:22","modified_gmt":"2025-01-07T16:43:22","slug":"koksownia","status":"publish","type":"post","link":"https:\/\/wgphoto.pl\/t\/?p=9151","title":{"rendered":"Koksownia"},"content":{"rendered":"\n<figure class=\"wp-block-image aligncenter size-full\"><img loading=\"lazy\" decoding=\"async\" width=\"1200\" height=\"800\" src=\"https:\/\/wgphoto.pl\/t\/wp-content\/uploads\/2025\/01\/IMGP2304.jpg\" alt=\"\" class=\"wp-image-9152\" srcset=\"https:\/\/wgphoto.pl\/t\/wp-content\/uploads\/2025\/01\/IMGP2304.jpg 1200w, https:\/\/wgphoto.pl\/t\/wp-content\/uploads\/2025\/01\/IMGP2304-300x200.jpg 300w, https:\/\/wgphoto.pl\/t\/wp-content\/uploads\/2025\/01\/IMGP2304-768x512.jpg 768w\" sizes=\"auto, (max-width: 1200px) 100vw, 1200px\" \/><\/figure>\n\n\n\n<div class=\"wp-block-group has-global-padding is-layout-constrained wp-block-group-is-layout-constrained\">\n<p>Bogusz\u00f3w-Gorce Wsch\u00f3d &#8211; Wa\u0142brzych G\u0142\u00f3wny. Perszing 163 048, kt\u00f3ry niedawno przeby\u0142 napraw\u0119 okresow\u0105 i otrzyma\u0142 nowe malowanie, prowadzi poci\u0105g osobowy 65110 &#8222;Mamry&#8221; ze Piechowic (taka jest stacja pocz\u0105tkowa na czas zamkni\u0119cia Szklarskiej?) do Olsztyna G\u0142\u00f3wnego. Na drugim planie widoczny jest kompleks koksowni Victoria, w tle za\u015b &#8211; wa\u0142brzyskie osiedla, m.in. Stary Zdr\u00f3j (prawy g\u00f3rny r\u00f3g) z charakterystyczn\u0105 sylwetk\u0105 dawnego hotelu Sudety, stoj\u0105cego nieopodal stacji Wa\u0142brzych Miasto. 2014-01-06<\/p>\n<\/div>\n","protected":false},"excerpt":{"rendered":"<p>Bogusz\u00f3w-Gorce Wsch\u00f3d &#8211; Wa\u0142brzych G\u0142\u00f3wny. Perszing 163 048, kt\u00f3ry niedawno przeby\u0142 napraw\u0119 okresow\u0105 i otrzyma\u0142 nowe malowanie, prowadzi poci\u0105g osobowy 65110 &#8222;Mamry&#8221; ze Piechowic (taka jest stacja pocz\u0105tkowa na czas zamkni\u0119cia Szklarskiej?) do Olsztyna G\u0142\u00f3wnego. Na drugim planie widoczny jest kompleks koksowni Victoria, w tle za\u015b &#8211; wa\u0142brzyskie osiedla, m.in. Stary Zdr\u00f3j (prawy g\u00f3rny r\u00f3g) [&hellip;]<\/p>\n","protected":false},"author":1,"featured_media":9152,"comment_status":"open","ping_status":"","sticky":false,"template":"","format":"standard","meta":{"footnotes":""},"categories":[2,48],"tags":[1401,1425,796,50,249,303,113,27,1502,200,1101],"class_list":["post-9151","post","type-post","status-publish","format-standard","has-post-thumbnail","hentry","category-kolej","category-rok-2014","tag-1401","tag-2014-01-06","tag-boguszow-gorce-wschod","tag-cd","tag-goscinne-wystepy","tag-industrial","tag-landszaft","tag-polska","tag-przewozy-regionalne","tag-tab-pl240","tag-walbrzych-glowny"],"_links":{"self":[{"href":"https:\/\/wgphoto.pl\/t\/index.php?rest_route=\/wp\/v2\/posts\/9151","targetHints":{"allow":["GET"]}}],"collection":[{"href":"https:\/\/wgphoto.pl\/t\/index.php?rest_route=\/wp\/v2\/posts"}],"about":[{"href":"https:\/\/wgphoto.pl\/t\/index.php?rest_route=\/wp\/v2\/types\/post"}],"author":[{"embeddable":true,"href":"https:\/\/wgphoto.pl\/t\/index.php?rest_route=\/wp\/v2\/users\/1"}],"replies":[{"embeddable":true,"href":"https:\/\/wgphoto.pl\/t\/index.php?rest_route=%2Fwp%2Fv2%2Fcomments&post=9151"}],"version-history":[{"count":1,"href":"https:\/\/wgphoto.pl\/t\/index.php?rest_route=\/wp\/v2\/posts\/9151\/revisions"}],"predecessor-version":[{"id":9153,"href":"https:\/\/wgphoto.pl\/t\/index.php?rest_route=\/wp\/v2\/posts\/9151\/revisions\/9153"}],"wp:featuredmedia":[{"embeddable":true,"href":"https:\/\/wgphoto.pl\/t\/index.php?rest_route=\/wp\/v2\/media\/9152"}],"wp:attachment":[{"href":"https:\/\/wgphoto.pl\/t\/index.php?rest_route=%2Fwp%2Fv2%2Fmedia&parent=9151"}],"wp:term":[{"taxonomy":"category","embeddable":true,"href":"https:\/\/wgphoto.pl\/t\/index.php?rest_route=%2Fwp%2Fv2%2Fcategories&post=9151"},{"taxonomy":"post_tag","embeddable":true,"href":"https:\/\/wgphoto.pl\/t\/index.php?rest_route=%2Fwp%2Fv2%2Ftags&post=9151"}],"curies":[{"name":"wp","href":"https:\/\/api.w.org\/{rel}","templated":true}]}}