{"id":9154,"date":"2025-01-07T17:44:29","date_gmt":"2025-01-07T16:44:29","guid":{"rendered":"https:\/\/wgphoto.pl\/t\/?p=9154"},"modified":"2025-01-07T17:44:29","modified_gmt":"2025-01-07T16:44:29","slug":"walbrzych-fabryczny","status":"publish","type":"post","link":"https:\/\/wgphoto.pl\/t\/?p=9154","title":{"rendered":"Wa\u0142brzych Fabryczny"},"content":{"rendered":"\n<figure class=\"wp-block-image aligncenter size-full\"><img loading=\"lazy\" decoding=\"async\" width=\"1200\" height=\"780\" src=\"https:\/\/wgphoto.pl\/t\/wp-content\/uploads\/2025\/01\/IMGP2344-1.jpg\" alt=\"\" class=\"wp-image-9155\" srcset=\"https:\/\/wgphoto.pl\/t\/wp-content\/uploads\/2025\/01\/IMGP2344-1.jpg 1200w, https:\/\/wgphoto.pl\/t\/wp-content\/uploads\/2025\/01\/IMGP2344-1-300x195.jpg 300w, https:\/\/wgphoto.pl\/t\/wp-content\/uploads\/2025\/01\/IMGP2344-1-768x499.jpg 768w\" sizes=\"auto, (max-width: 1200px) 100vw, 1200px\" \/><\/figure>\n\n\n\n<div class=\"wp-block-group has-global-padding is-layout-constrained wp-block-group-is-layout-constrained\">\n<p>EN71-030 jako poc. 66827 &#8222;\u0141omnica&#8221; z Wroc\u0142awia do Piechowic (Szklarskiej Por\u0119by) mija Wa\u0142brzych Fabryczny. Pierwszoplanow\u0105 \u0142\u0105k\u0119 zajmowa\u0142a niegdy\u015b kopalnia, z kt\u00f3rej osta\u0142 si\u0119 do dzi\u015b niewielki fragment zabudowa\u0144. W tle podziwia\u0107 mo\u017cna wa\u0142brzyskie \u015ar\u00f3dmie\u015bcie z wie\u017cami kolegiaty Naj\u015bwi\u0119tszej Maryi Panny Bolesnej i \u015bw. Anio\u0142\u00f3w Str\u00f3\u017c\u00f3w oraz ko\u015bcio\u0142a Zbawiciela. Od g\u00f3ry kadr zamyka szczyt \u015al\u0119\u017cy. 06.01.2014<\/p>\n<\/div>\n","protected":false},"excerpt":{"rendered":"<p>EN71-030 jako poc. 66827 &#8222;\u0141omnica&#8221; z Wroc\u0142awia do Piechowic (Szklarskiej Por\u0119by) mija Wa\u0142brzych Fabryczny. Pierwszoplanow\u0105 \u0142\u0105k\u0119 zajmowa\u0142a niegdy\u015b kopalnia, z kt\u00f3rej osta\u0142 si\u0119 do dzi\u015b niewielki fragment zabudowa\u0144. W tle podziwia\u0107 mo\u017cna wa\u0142brzyskie \u015ar\u00f3dmie\u015bcie z wie\u017cami kolegiaty Naj\u015bwi\u0119tszej Maryi Panny Bolesnej i \u015bw. Anio\u0142\u00f3w Str\u00f3\u017c\u00f3w oraz ko\u015bcio\u0142a Zbawiciela. Od g\u00f3ry kadr zamyka szczyt \u015al\u0119\u017cy. 06.01.2014<\/p>\n","protected":false},"author":1,"featured_media":9155,"comment_status":"open","ping_status":"","sticky":false,"template":"","format":"standard","meta":{"footnotes":""},"categories":[2,48],"tags":[1425,728,114,303,113,63,27,200,1878],"class_list":["post-9154","post","type-post","status-publish","format-standard","has-post-thumbnail","hentry","category-kolej","category-rok-2014","tag-2014-01-06","tag-en71","tag-gory","tag-industrial","tag-landszaft","tag-pkp","tag-polska","tag-tab-pl240","tag-walbrzych-fabryczny"],"_links":{"self":[{"href":"https:\/\/wgphoto.pl\/t\/index.php?rest_route=\/wp\/v2\/posts\/9154","targetHints":{"allow":["GET"]}}],"collection":[{"href":"https:\/\/wgphoto.pl\/t\/index.php?rest_route=\/wp\/v2\/posts"}],"about":[{"href":"https:\/\/wgphoto.pl\/t\/index.php?rest_route=\/wp\/v2\/types\/post"}],"author":[{"embeddable":true,"href":"https:\/\/wgphoto.pl\/t\/index.php?rest_route=\/wp\/v2\/users\/1"}],"replies":[{"embeddable":true,"href":"https:\/\/wgphoto.pl\/t\/index.php?rest_route=%2Fwp%2Fv2%2Fcomments&post=9154"}],"version-history":[{"count":1,"href":"https:\/\/wgphoto.pl\/t\/index.php?rest_route=\/wp\/v2\/posts\/9154\/revisions"}],"predecessor-version":[{"id":9156,"href":"https:\/\/wgphoto.pl\/t\/index.php?rest_route=\/wp\/v2\/posts\/9154\/revisions\/9156"}],"wp:featuredmedia":[{"embeddable":true,"href":"https:\/\/wgphoto.pl\/t\/index.php?rest_route=\/wp\/v2\/media\/9155"}],"wp:attachment":[{"href":"https:\/\/wgphoto.pl\/t\/index.php?rest_route=%2Fwp%2Fv2%2Fmedia&parent=9154"}],"wp:term":[{"taxonomy":"category","embeddable":true,"href":"https:\/\/wgphoto.pl\/t\/index.php?rest_route=%2Fwp%2Fv2%2Fcategories&post=9154"},{"taxonomy":"post_tag","embeddable":true,"href":"https:\/\/wgphoto.pl\/t\/index.php?rest_route=%2Fwp%2Fv2%2Ftags&post=9154"}],"curies":[{"name":"wp","href":"https:\/\/api.w.org\/{rel}","templated":true}]}}