{"id":9157,"date":"2025-01-07T17:45:32","date_gmt":"2025-01-07T16:45:32","guid":{"rendered":"https:\/\/wgphoto.pl\/t\/?p=9157"},"modified":"2025-01-07T17:45:32","modified_gmt":"2025-01-07T16:45:32","slug":"stodwojka-po-sniegu","status":"publish","type":"post","link":"https:\/\/wgphoto.pl\/t\/?p=9157","title":{"rendered":"Stodw\u00f3jk\u0105 po \u015bniegu"},"content":{"rendered":"\n<figure class=\"wp-block-image aligncenter size-full\"><img loading=\"lazy\" decoding=\"async\" width=\"1200\" height=\"803\" src=\"https:\/\/wgphoto.pl\/t\/wp-content\/uploads\/2025\/01\/IMGP1503.jpg\" alt=\"\" class=\"wp-image-9158\" srcset=\"https:\/\/wgphoto.pl\/t\/wp-content\/uploads\/2025\/01\/IMGP1503.jpg 1200w, https:\/\/wgphoto.pl\/t\/wp-content\/uploads\/2025\/01\/IMGP1503-300x201.jpg 300w, https:\/\/wgphoto.pl\/t\/wp-content\/uploads\/2025\/01\/IMGP1503-768x514.jpg 768w\" sizes=\"auto, (max-width: 1200px) 100vw, 1200px\" \/><\/figure>\n\n\n\n<div class=\"wp-block-group has-global-padding is-layout-constrained wp-block-group-is-layout-constrained\">\n<p>Wroc\u0142aw, skrzy\u017cowanie ul. \u015awidnickiej i Pi\u0142sudskiego. Wtedy zima by\u0142a \u015bnie\u017cna i d\u0142uga, a odchodz\u0105ce w zapomnienie stodw\u00f3jki pojawia\u0142y si\u0119 na liniach nawet w niedziel\u0119 w zast\u0119pstwie zakopuj\u0105cych si\u0119 w zaspach protram\u00f3w &#8211; do czasu a\u017c wymy\u015blono, \u017ce wystarczy wy\u0142\u0105czy\u0107 na chwil\u0119 pierwszy falownik. 10.01.2010<\/p>\n<\/div>\n","protected":false},"excerpt":{"rendered":"<p>Wroc\u0142aw, skrzy\u017cowanie ul. \u015awidnickiej i Pi\u0142sudskiego. Wtedy zima by\u0142a \u015bnie\u017cna i d\u0142uga, a odchodz\u0105ce w zapomnienie stodw\u00f3jki pojawia\u0142y si\u0119 na liniach nawet w niedziel\u0119 w zast\u0119pstwie zakopuj\u0105cych si\u0119 w zaspach protram\u00f3w &#8211; do czasu a\u017c wymy\u015blono, \u017ce wystarczy wy\u0142\u0105czy\u0107 na chwil\u0119 pierwszy falownik. 10.01.2010<\/p>\n","protected":false},"author":1,"featured_media":9158,"comment_status":"open","ping_status":"","sticky":false,"template":"","format":"standard","meta":{"footnotes":""},"categories":[86,3],"tags":[2865,309,42,27,44,41],"class_list":["post-9157","post","type-post","status-publish","format-standard","has-post-thumbnail","hentry","category-rok-2010","category-tramwaj","tag-2010-01-10","tag-konstal-102na","tag-mpk-wroclaw","tag-polska","tag-snieg","tag-wroclaw"],"_links":{"self":[{"href":"https:\/\/wgphoto.pl\/t\/index.php?rest_route=\/wp\/v2\/posts\/9157","targetHints":{"allow":["GET"]}}],"collection":[{"href":"https:\/\/wgphoto.pl\/t\/index.php?rest_route=\/wp\/v2\/posts"}],"about":[{"href":"https:\/\/wgphoto.pl\/t\/index.php?rest_route=\/wp\/v2\/types\/post"}],"author":[{"embeddable":true,"href":"https:\/\/wgphoto.pl\/t\/index.php?rest_route=\/wp\/v2\/users\/1"}],"replies":[{"embeddable":true,"href":"https:\/\/wgphoto.pl\/t\/index.php?rest_route=%2Fwp%2Fv2%2Fcomments&post=9157"}],"version-history":[{"count":1,"href":"https:\/\/wgphoto.pl\/t\/index.php?rest_route=\/wp\/v2\/posts\/9157\/revisions"}],"predecessor-version":[{"id":9159,"href":"https:\/\/wgphoto.pl\/t\/index.php?rest_route=\/wp\/v2\/posts\/9157\/revisions\/9159"}],"wp:featuredmedia":[{"embeddable":true,"href":"https:\/\/wgphoto.pl\/t\/index.php?rest_route=\/wp\/v2\/media\/9158"}],"wp:attachment":[{"href":"https:\/\/wgphoto.pl\/t\/index.php?rest_route=%2Fwp%2Fv2%2Fmedia&parent=9157"}],"wp:term":[{"taxonomy":"category","embeddable":true,"href":"https:\/\/wgphoto.pl\/t\/index.php?rest_route=%2Fwp%2Fv2%2Fcategories&post=9157"},{"taxonomy":"post_tag","embeddable":true,"href":"https:\/\/wgphoto.pl\/t\/index.php?rest_route=%2Fwp%2Fv2%2Ftags&post=9157"}],"curies":[{"name":"wp","href":"https:\/\/api.w.org\/{rel}","templated":true}]}}