{"id":9170,"date":"2025-01-07T17:52:30","date_gmt":"2025-01-07T16:52:30","guid":{"rendered":"https:\/\/wgphoto.pl\/t\/?p=9170"},"modified":"2025-01-07T17:52:30","modified_gmt":"2025-01-07T16:52:30","slug":"tramwaj-ma-wolne-gdy-lina-pracuje","status":"publish","type":"post","link":"https:\/\/wgphoto.pl\/t\/?p=9170","title":{"rendered":"Tramwaj ma wolne gdy lina pracuje"},"content":{"rendered":"\n<figure class=\"wp-block-image aligncenter size-full\"><img loading=\"lazy\" decoding=\"async\" width=\"1200\" height=\"795\" src=\"https:\/\/wgphoto.pl\/t\/wp-content\/uploads\/2025\/01\/IMGP1463-1.jpg\" alt=\"\" class=\"wp-image-9171\" srcset=\"https:\/\/wgphoto.pl\/t\/wp-content\/uploads\/2025\/01\/IMGP1463-1.jpg 1200w, https:\/\/wgphoto.pl\/t\/wp-content\/uploads\/2025\/01\/IMGP1463-1-300x199.jpg 300w, https:\/\/wgphoto.pl\/t\/wp-content\/uploads\/2025\/01\/IMGP1463-1-768x509.jpg 768w\" sizes=\"auto, (max-width: 1200px) 100vw, 1200px\" \/><\/figure>\n\n\n\n<div class=\"wp-block-group has-global-padding is-layout-constrained wp-block-group-is-layout-constrained\">\n<p>We w\u0142oskim Trie\u015bcie funkcjonuje sobie jedna linia tramwajowa (nr 2), \u0142\u0105cz\u0105ca centrum z miejscowo\u015bci\u0105 Villa Opicina. Trasa liczy nieco ponad 5 km d\u0142ugo\u015bci, r\u00f3\u017cnica wysoko\u015bci mi\u0119dzy ko\u0144c\u00f3wkami to 326 metr\u00f3w. Ciekawostk\u0105 tej trasy jest odcinek, na kt\u00f3rym tramwaj wspomagany jest holownikami linowo &#8211; terenowymi: jeden z nich wpycha tramwaj na g\u00f3r\u0119, podczas gdy drugi pozwala innemu wagonowi bezpiecznie zjecha\u0107 w d\u00f3\u0142. W tym czasie tramwaj nie pracuje (jak wida\u0107, nie ma na tym odcinku dost\u0119pu do prundu), co pozwala motorniczemu poklika\u0107 przez chwil\u0119 na smartfonie. \ud83d\ude09 Na odcinku linowym tramwaj na d\u0142ugo\u015bci 869 metr\u00f3w osi\u0105ga przewy\u017cszenie 160 metr\u00f3w przy maksymalnym pochyleniu 26%. Najwi\u0119ksze pochylenie, kt\u00f3re tramwaj pokonuje sam, wynosi 8%. 2015-08-15<\/p>\n<\/div>\n","protected":false},"excerpt":{"rendered":"<p>We w\u0142oskim Trie\u015bcie funkcjonuje sobie jedna linia tramwajowa (nr 2), \u0142\u0105cz\u0105ca centrum z miejscowo\u015bci\u0105 Villa Opicina. Trasa liczy nieco ponad 5 km d\u0142ugo\u015bci, r\u00f3\u017cnica wysoko\u015bci mi\u0119dzy ko\u0144c\u00f3wkami to 326 metr\u00f3w. Ciekawostk\u0105 tej trasy jest odcinek, na kt\u00f3rym tramwaj wspomagany jest holownikami linowo &#8211; terenowymi: jeden z nich wpycha tramwaj na g\u00f3r\u0119, podczas gdy drugi pozwala [&hellip;]<\/p>\n","protected":false},"author":1,"featured_media":9171,"comment_status":"open","ping_status":"","sticky":false,"template":"","format":"standard","meta":{"footnotes":""},"categories":[104,3],"tags":[115,1046,113,118,111,1045,107,110],"class_list":["post-9170","post","type-post","status-publish","format-standard","has-post-thumbnail","hentry","category-rok-2015","category-tramwaj","tag-2015-08-15","tag-funikular","tag-landszaft","tag-plany-i-profile","tag-triest","tag-trieste-transporti","tag-wakacje-2015","tag-wlochy"],"_links":{"self":[{"href":"https:\/\/wgphoto.pl\/t\/index.php?rest_route=\/wp\/v2\/posts\/9170","targetHints":{"allow":["GET"]}}],"collection":[{"href":"https:\/\/wgphoto.pl\/t\/index.php?rest_route=\/wp\/v2\/posts"}],"about":[{"href":"https:\/\/wgphoto.pl\/t\/index.php?rest_route=\/wp\/v2\/types\/post"}],"author":[{"embeddable":true,"href":"https:\/\/wgphoto.pl\/t\/index.php?rest_route=\/wp\/v2\/users\/1"}],"replies":[{"embeddable":true,"href":"https:\/\/wgphoto.pl\/t\/index.php?rest_route=%2Fwp%2Fv2%2Fcomments&post=9170"}],"version-history":[{"count":1,"href":"https:\/\/wgphoto.pl\/t\/index.php?rest_route=\/wp\/v2\/posts\/9170\/revisions"}],"predecessor-version":[{"id":9172,"href":"https:\/\/wgphoto.pl\/t\/index.php?rest_route=\/wp\/v2\/posts\/9170\/revisions\/9172"}],"wp:featuredmedia":[{"embeddable":true,"href":"https:\/\/wgphoto.pl\/t\/index.php?rest_route=\/wp\/v2\/media\/9171"}],"wp:attachment":[{"href":"https:\/\/wgphoto.pl\/t\/index.php?rest_route=%2Fwp%2Fv2%2Fmedia&parent=9170"}],"wp:term":[{"taxonomy":"category","embeddable":true,"href":"https:\/\/wgphoto.pl\/t\/index.php?rest_route=%2Fwp%2Fv2%2Fcategories&post=9170"},{"taxonomy":"post_tag","embeddable":true,"href":"https:\/\/wgphoto.pl\/t\/index.php?rest_route=%2Fwp%2Fv2%2Ftags&post=9170"}],"curies":[{"name":"wp","href":"https:\/\/api.w.org\/{rel}","templated":true}]}}