{"id":9174,"date":"2025-01-08T17:53:34","date_gmt":"2025-01-08T16:53:34","guid":{"rendered":"https:\/\/wgphoto.pl\/t\/?p=9174"},"modified":"2025-01-08T17:53:34","modified_gmt":"2025-01-08T16:53:34","slug":"eu07-099","status":"publish","type":"post","link":"https:\/\/wgphoto.pl\/t\/?p=9174","title":{"rendered":"EU07-099"},"content":{"rendered":"\n<figure class=\"wp-block-image aligncenter size-full\"><img loading=\"lazy\" decoding=\"async\" width=\"1400\" height=\"928\" src=\"https:\/\/wgphoto.pl\/t\/wp-content\/uploads\/2025\/01\/2001x-15a.jpg\" alt=\"\" class=\"wp-image-9175\" srcset=\"https:\/\/wgphoto.pl\/t\/wp-content\/uploads\/2025\/01\/2001x-15a.jpg 1400w, https:\/\/wgphoto.pl\/t\/wp-content\/uploads\/2025\/01\/2001x-15a-300x199.jpg 300w, https:\/\/wgphoto.pl\/t\/wp-content\/uploads\/2025\/01\/2001x-15a-768x509.jpg 768w\" sizes=\"auto, (max-width: 1400px) 100vw, 1400px\" \/><\/figure>\n\n\n\n<div class=\"wp-block-group has-global-padding is-layout-constrained wp-block-group-is-layout-constrained\">\n<p>EU07-099 z CM Pozna\u0144 z poci\u0105giem osobowym 67933 relacji Wroc\u0142aw G\u0142. &#8211; Pozna\u0144 G\u0142. przed paroma minutami odjecha\u0142 ze stacji pocz\u0105tkowej i zbli\u017ca si\u0119 do Podg Grabiszyn. 16.12.2001<\/p>\n<\/div>\n","protected":false},"excerpt":{"rendered":"<p>EU07-099 z CM Pozna\u0144 z poci\u0105giem osobowym 67933 relacji Wroc\u0142aw G\u0142. &#8211; Pozna\u0144 G\u0142. przed paroma minutami odjecha\u0142 ze stacji pocz\u0105tkowej i zbli\u017ca si\u0119 do Podg Grabiszyn. 16.12.2001<\/p>\n","protected":false},"author":1,"featured_media":9175,"comment_status":"open","ping_status":"","sticky":false,"template":"","format":"standard","meta":{"footnotes":""},"categories":[62,2,940],"tags":[2867,283,122,63,1544,27,44,190,41,180],"class_list":["post-9174","post","type-post","status-publish","format-standard","has-post-thumbnail","hentry","category-analog","category-kolej","category-rok-2001","tag-2001-12-16","tag-bdhpmnu","tag-eu07","tag-pkp","tag-podg-grabiszyn","tag-polska","tag-snieg","tag-tab-pl330","tag-wroclaw","tag-wroclaw-glowny"],"_links":{"self":[{"href":"https:\/\/wgphoto.pl\/t\/index.php?rest_route=\/wp\/v2\/posts\/9174","targetHints":{"allow":["GET"]}}],"collection":[{"href":"https:\/\/wgphoto.pl\/t\/index.php?rest_route=\/wp\/v2\/posts"}],"about":[{"href":"https:\/\/wgphoto.pl\/t\/index.php?rest_route=\/wp\/v2\/types\/post"}],"author":[{"embeddable":true,"href":"https:\/\/wgphoto.pl\/t\/index.php?rest_route=\/wp\/v2\/users\/1"}],"replies":[{"embeddable":true,"href":"https:\/\/wgphoto.pl\/t\/index.php?rest_route=%2Fwp%2Fv2%2Fcomments&post=9174"}],"version-history":[{"count":1,"href":"https:\/\/wgphoto.pl\/t\/index.php?rest_route=\/wp\/v2\/posts\/9174\/revisions"}],"predecessor-version":[{"id":9176,"href":"https:\/\/wgphoto.pl\/t\/index.php?rest_route=\/wp\/v2\/posts\/9174\/revisions\/9176"}],"wp:featuredmedia":[{"embeddable":true,"href":"https:\/\/wgphoto.pl\/t\/index.php?rest_route=\/wp\/v2\/media\/9175"}],"wp:attachment":[{"href":"https:\/\/wgphoto.pl\/t\/index.php?rest_route=%2Fwp%2Fv2%2Fmedia&parent=9174"}],"wp:term":[{"taxonomy":"category","embeddable":true,"href":"https:\/\/wgphoto.pl\/t\/index.php?rest_route=%2Fwp%2Fv2%2Fcategories&post=9174"},{"taxonomy":"post_tag","embeddable":true,"href":"https:\/\/wgphoto.pl\/t\/index.php?rest_route=%2Fwp%2Fv2%2Ftags&post=9174"}],"curies":[{"name":"wp","href":"https:\/\/api.w.org\/{rel}","templated":true}]}}