{"id":9192,"date":"2025-01-09T17:38:33","date_gmt":"2025-01-09T16:38:33","guid":{"rendered":"https:\/\/wgphoto.pl\/t\/?p=9192"},"modified":"2025-12-21T20:28:37","modified_gmt":"2025-12-21T19:28:37","slug":"czekajac-na-zjazd","status":"publish","type":"post","link":"https:\/\/wgphoto.pl\/t\/?p=9192","title":{"rendered":"Czekaj\u0105c na zjazd"},"content":{"rendered":"\n<figure class=\"wp-block-image aligncenter size-full\"><img loading=\"lazy\" decoding=\"async\" width=\"1200\" height=\"800\" src=\"https:\/\/wgphoto.pl\/t\/wp-content\/uploads\/2025\/01\/IMGP9667.jpg\" alt=\"\" class=\"wp-image-9193\" srcset=\"https:\/\/wgphoto.pl\/t\/wp-content\/uploads\/2025\/01\/IMGP9667.jpg 1200w, https:\/\/wgphoto.pl\/t\/wp-content\/uploads\/2025\/01\/IMGP9667-300x200.jpg 300w, https:\/\/wgphoto.pl\/t\/wp-content\/uploads\/2025\/01\/IMGP9667-768x512.jpg 768w\" sizes=\"auto, (max-width: 1200px) 100vw, 1200px\" \/><\/figure>\n\n\n\n<div class=\"wp-block-group has-global-padding is-layout-constrained wp-block-group-is-layout-constrained\">\n<p>Wroc\u0142aw, ul. Mieszcza\u0144ska. 23\/14 po przyje\u017adzie z Osobowic jako 24 oczekuje na mo\u017cliwo\u015b\u0107 zjazdu do zajezdni, z powodu trwaj\u0105cego p\u00f3\u0142maratonu znaczna cz\u0119\u015b\u0107 ulic jest bowiem zamkni\u0119ta. 16.06.2018<\/p>\n<\/div>\n","protected":false},"excerpt":{"rendered":"<p>Wroc\u0142aw, ul. Mieszcza\u0144ska. 23\/14 po przyje\u017adzie z Osobowic jako 24 oczekuje na mo\u017cliwo\u015b\u0107 zjazdu do zajezdni, z powodu trwaj\u0105cego p\u00f3\u0142maratonu znaczna cz\u0119\u015b\u0107 ulic jest bowiem zamkni\u0119ta. 16.06.2018<\/p>\n","protected":false},"author":1,"featured_media":9193,"comment_status":"open","ping_status":"","sticky":false,"template":"","format":"standard","meta":{"footnotes":""},"categories":[156,3],"tags":[2868,4603,501,42,154,27,439,41],"class_list":["post-9192","post","type-post","status-publish","format-standard","has-post-thumbnail","hentry","category-rok-2018","category-tramwaj","tag-2018-06-16","tag-mf19ac","tag-moderus-beta","tag-mpk-wroclaw","tag-noc","tag-polska","tag-we-fabryce","tag-wroclaw"],"_links":{"self":[{"href":"https:\/\/wgphoto.pl\/t\/index.php?rest_route=\/wp\/v2\/posts\/9192","targetHints":{"allow":["GET"]}}],"collection":[{"href":"https:\/\/wgphoto.pl\/t\/index.php?rest_route=\/wp\/v2\/posts"}],"about":[{"href":"https:\/\/wgphoto.pl\/t\/index.php?rest_route=\/wp\/v2\/types\/post"}],"author":[{"embeddable":true,"href":"https:\/\/wgphoto.pl\/t\/index.php?rest_route=\/wp\/v2\/users\/1"}],"replies":[{"embeddable":true,"href":"https:\/\/wgphoto.pl\/t\/index.php?rest_route=%2Fwp%2Fv2%2Fcomments&post=9192"}],"version-history":[{"count":1,"href":"https:\/\/wgphoto.pl\/t\/index.php?rest_route=\/wp\/v2\/posts\/9192\/revisions"}],"predecessor-version":[{"id":9194,"href":"https:\/\/wgphoto.pl\/t\/index.php?rest_route=\/wp\/v2\/posts\/9192\/revisions\/9194"}],"wp:featuredmedia":[{"embeddable":true,"href":"https:\/\/wgphoto.pl\/t\/index.php?rest_route=\/wp\/v2\/media\/9193"}],"wp:attachment":[{"href":"https:\/\/wgphoto.pl\/t\/index.php?rest_route=%2Fwp%2Fv2%2Fmedia&parent=9192"}],"wp:term":[{"taxonomy":"category","embeddable":true,"href":"https:\/\/wgphoto.pl\/t\/index.php?rest_route=%2Fwp%2Fv2%2Fcategories&post=9192"},{"taxonomy":"post_tag","embeddable":true,"href":"https:\/\/wgphoto.pl\/t\/index.php?rest_route=%2Fwp%2Fv2%2Ftags&post=9192"}],"curies":[{"name":"wp","href":"https:\/\/api.w.org\/{rel}","templated":true}]}}