{"id":9195,"date":"2025-01-09T17:39:40","date_gmt":"2025-01-09T16:39:40","guid":{"rendered":"https:\/\/wgphoto.pl\/t\/?p=9195"},"modified":"2025-01-09T17:39:40","modified_gmt":"2025-01-09T16:39:40","slug":"albisgutli","status":"publish","type":"post","link":"https:\/\/wgphoto.pl\/t\/?p=9195","title":{"rendered":"Albisg\u00fctli"},"content":{"rendered":"\n<figure class=\"wp-block-image aligncenter size-full\"><img loading=\"lazy\" decoding=\"async\" width=\"1200\" height=\"800\" src=\"https:\/\/wgphoto.pl\/t\/wp-content\/uploads\/2025\/01\/IMGP8642.jpg\" alt=\"\" class=\"wp-image-9196\" srcset=\"https:\/\/wgphoto.pl\/t\/wp-content\/uploads\/2025\/01\/IMGP8642.jpg 1200w, https:\/\/wgphoto.pl\/t\/wp-content\/uploads\/2025\/01\/IMGP8642-300x200.jpg 300w, https:\/\/wgphoto.pl\/t\/wp-content\/uploads\/2025\/01\/IMGP8642-768x512.jpg 768w\" sizes=\"auto, (max-width: 1200px) 100vw, 1200px\" \/><\/figure>\n\n\n\n<div class=\"wp-block-group has-global-padding is-layout-constrained wp-block-group-is-layout-constrained\">\n<p>Zurych, Uetlibergstrasse. Sk\u0142ad 2045+? za chwil\u0119 zako\u0144czy kurs na p\u0119tli Albisg\u00fctli (zachodnim zwyczajem przed dojazdem do ostatniego\/pierwszego przystanku tablica kierunkowa ju\u017c jest zmieniona). 2018-03-27<\/p>\n<\/div>\n","protected":false},"excerpt":{"rendered":"<p>Zurych, Uetlibergstrasse. Sk\u0142ad 2045+? za chwil\u0119 zako\u0144czy kurs na p\u0119tli Albisg\u00fctli (zachodnim zwyczajem przed dojazdem do ostatniego\/pierwszego przystanku tablica kierunkowa ju\u017c jest zmieniona). 2018-03-27<\/p>\n","protected":false},"author":1,"featured_media":9196,"comment_status":"open","ping_status":"","sticky":false,"template":"","format":"standard","meta":{"footnotes":""},"categories":[156,3],"tags":[545,143,1423,183,186,542,543],"class_list":["post-9195","post","type-post","status-publish","format-standard","has-post-thumbnail","hentry","category-rok-2018","category-tramwaj","tag-2018-03-27","tag-ponad-30m","tag-schindler-be","tag-suissetrip-2018","tag-szwajcaria","tag-vbz-zurich","tag-zurych"],"_links":{"self":[{"href":"https:\/\/wgphoto.pl\/t\/index.php?rest_route=\/wp\/v2\/posts\/9195","targetHints":{"allow":["GET"]}}],"collection":[{"href":"https:\/\/wgphoto.pl\/t\/index.php?rest_route=\/wp\/v2\/posts"}],"about":[{"href":"https:\/\/wgphoto.pl\/t\/index.php?rest_route=\/wp\/v2\/types\/post"}],"author":[{"embeddable":true,"href":"https:\/\/wgphoto.pl\/t\/index.php?rest_route=\/wp\/v2\/users\/1"}],"replies":[{"embeddable":true,"href":"https:\/\/wgphoto.pl\/t\/index.php?rest_route=%2Fwp%2Fv2%2Fcomments&post=9195"}],"version-history":[{"count":1,"href":"https:\/\/wgphoto.pl\/t\/index.php?rest_route=\/wp\/v2\/posts\/9195\/revisions"}],"predecessor-version":[{"id":9197,"href":"https:\/\/wgphoto.pl\/t\/index.php?rest_route=\/wp\/v2\/posts\/9195\/revisions\/9197"}],"wp:featuredmedia":[{"embeddable":true,"href":"https:\/\/wgphoto.pl\/t\/index.php?rest_route=\/wp\/v2\/media\/9196"}],"wp:attachment":[{"href":"https:\/\/wgphoto.pl\/t\/index.php?rest_route=%2Fwp%2Fv2%2Fmedia&parent=9195"}],"wp:term":[{"taxonomy":"category","embeddable":true,"href":"https:\/\/wgphoto.pl\/t\/index.php?rest_route=%2Fwp%2Fv2%2Fcategories&post=9195"},{"taxonomy":"post_tag","embeddable":true,"href":"https:\/\/wgphoto.pl\/t\/index.php?rest_route=%2Fwp%2Fv2%2Ftags&post=9195"}],"curies":[{"name":"wp","href":"https:\/\/api.w.org\/{rel}","templated":true}]}}