{"id":9198,"date":"2025-01-09T17:41:02","date_gmt":"2025-01-09T16:41:02","guid":{"rendered":"https:\/\/wgphoto.pl\/t\/?p=9198"},"modified":"2025-12-21T20:28:16","modified_gmt":"2025-12-21T19:28:16","slug":"jak-malowane","status":"publish","type":"post","link":"https:\/\/wgphoto.pl\/t\/?p=9198","title":{"rendered":"Jak malowane"},"content":{"rendered":"\n<figure class=\"wp-block-image aligncenter size-full\"><img loading=\"lazy\" decoding=\"async\" width=\"1200\" height=\"803\" src=\"https:\/\/wgphoto.pl\/t\/wp-content\/uploads\/2025\/01\/IMGP9426.jpg\" alt=\"\" class=\"wp-image-9199\" srcset=\"https:\/\/wgphoto.pl\/t\/wp-content\/uploads\/2025\/01\/IMGP9426.jpg 1200w, https:\/\/wgphoto.pl\/t\/wp-content\/uploads\/2025\/01\/IMGP9426-300x201.jpg 300w, https:\/\/wgphoto.pl\/t\/wp-content\/uploads\/2025\/01\/IMGP9426-768x514.jpg 768w\" sizes=\"auto, (max-width: 1200px) 100vw, 1200px\" \/><\/figure>\n\n\n\n<div class=\"wp-block-group has-global-padding is-layout-constrained wp-block-group-is-layout-constrained\">\n<p>Wroc\u0142aw, p\u0119tla przy al. Marcina Kromera. Miejsce dosy\u0107 oklepane i nudne, a w takich sytuacjach dobrze jest zadba\u0107 o jakie\u015b atrakcyjne \u015bwiat\u0142o. Linia 23 jest natomiast o tyle sympatyczna, \u017ce k\u00f3\u0142ko trwa jedynie 1:20h, co pozwala na bie\u017c\u0105c\u0105 kontrol\u0119 zmieniaj\u0105cych si\u0119 warunk\u00f3w o\u015bwietleniowych oraz szybki atak w odpowiednim momencie. Efekty powy\u017cej. \ud83d\ude09 2018-05-12<\/p>\n<\/div>\n","protected":false},"excerpt":{"rendered":"<p>Wroc\u0142aw, p\u0119tla przy al. Marcina Kromera. Miejsce dosy\u0107 oklepane i nudne, a w takich sytuacjach dobrze jest zadba\u0107 o jakie\u015b atrakcyjne \u015bwiat\u0142o. Linia 23 jest natomiast o tyle sympatyczna, \u017ce k\u00f3\u0142ko trwa jedynie 1:20h, co pozwala na bie\u017c\u0105c\u0105 kontrol\u0119 zmieniaj\u0105cych si\u0119 warunk\u00f3w o\u015bwietleniowych oraz szybki atak w odpowiednim momencie. Efekty powy\u017cej. \ud83d\ude09 2018-05-12<\/p>\n","protected":false},"author":1,"featured_media":9199,"comment_status":"open","ping_status":"","sticky":false,"template":"","format":"standard","meta":{"footnotes":""},"categories":[156,3],"tags":[2644,4603,501,42,162,27,439,41],"class_list":["post-9198","post","type-post","status-publish","format-standard","has-post-thumbnail","hentry","category-rok-2018","category-tramwaj","tag-2018-05-12","tag-mf19ac","tag-moderus-beta","tag-mpk-wroclaw","tag-niebo","tag-polska","tag-we-fabryce","tag-wroclaw"],"_links":{"self":[{"href":"https:\/\/wgphoto.pl\/t\/index.php?rest_route=\/wp\/v2\/posts\/9198","targetHints":{"allow":["GET"]}}],"collection":[{"href":"https:\/\/wgphoto.pl\/t\/index.php?rest_route=\/wp\/v2\/posts"}],"about":[{"href":"https:\/\/wgphoto.pl\/t\/index.php?rest_route=\/wp\/v2\/types\/post"}],"author":[{"embeddable":true,"href":"https:\/\/wgphoto.pl\/t\/index.php?rest_route=\/wp\/v2\/users\/1"}],"replies":[{"embeddable":true,"href":"https:\/\/wgphoto.pl\/t\/index.php?rest_route=%2Fwp%2Fv2%2Fcomments&post=9198"}],"version-history":[{"count":1,"href":"https:\/\/wgphoto.pl\/t\/index.php?rest_route=\/wp\/v2\/posts\/9198\/revisions"}],"predecessor-version":[{"id":9200,"href":"https:\/\/wgphoto.pl\/t\/index.php?rest_route=\/wp\/v2\/posts\/9198\/revisions\/9200"}],"wp:featuredmedia":[{"embeddable":true,"href":"https:\/\/wgphoto.pl\/t\/index.php?rest_route=\/wp\/v2\/media\/9199"}],"wp:attachment":[{"href":"https:\/\/wgphoto.pl\/t\/index.php?rest_route=%2Fwp%2Fv2%2Fmedia&parent=9198"}],"wp:term":[{"taxonomy":"category","embeddable":true,"href":"https:\/\/wgphoto.pl\/t\/index.php?rest_route=%2Fwp%2Fv2%2Fcategories&post=9198"},{"taxonomy":"post_tag","embeddable":true,"href":"https:\/\/wgphoto.pl\/t\/index.php?rest_route=%2Fwp%2Fv2%2Ftags&post=9198"}],"curies":[{"name":"wp","href":"https:\/\/api.w.org\/{rel}","templated":true}]}}