{"id":9222,"date":"2025-01-09T17:54:17","date_gmt":"2025-01-09T16:54:17","guid":{"rendered":"https:\/\/wgphoto.pl\/t\/?p=9222"},"modified":"2025-01-09T17:54:17","modified_gmt":"2025-01-09T16:54:17","slug":"gu1","status":"publish","type":"post","link":"https:\/\/wgphoto.pl\/t\/?p=9222","title":{"rendered":"Gu1"},"content":{"rendered":"\n<figure class=\"wp-block-image aligncenter size-full\"><img loading=\"lazy\" decoding=\"async\" width=\"1024\" height=\"683\" src=\"https:\/\/wgphoto.pl\/t\/wp-content\/uploads\/2025\/01\/IMGP9886.jpg\" alt=\"\" class=\"wp-image-9223\" srcset=\"https:\/\/wgphoto.pl\/t\/wp-content\/uploads\/2025\/01\/IMGP9886.jpg 1024w, https:\/\/wgphoto.pl\/t\/wp-content\/uploads\/2025\/01\/IMGP9886-300x200.jpg 300w, https:\/\/wgphoto.pl\/t\/wp-content\/uploads\/2025\/01\/IMGP9886-768x512.jpg 768w\" sizes=\"auto, (max-width: 1024px) 100vw, 1024px\" \/><\/figure>\n\n\n\n<div class=\"wp-block-group has-global-padding is-layout-constrained wp-block-group-is-layout-constrained\">\n<p>SU42-505 z mi\u0119dzynarodowym poci\u0105giem osobowym relacji Opole G\u0142\u00f3wne &#8211; Ostru\u017en\u00e1 wtacza si\u0119 na stacj\u0119 w G\u0142ucho\u0142azach, mijaj\u0105c jedn\u0105 z trzech tutejszych nastawni wykonawczych. Tego dnia z nieznanych mi przyczyn relacja poci\u0105gu zosta\u0142a podzielona na stacji granicznej. Czeski odcinek obs\u0142u\u017cy\u0142 przyby\u0142y z Jesen\u00edka pojazd serii 810, a polski sk\u0142ad wr\u00f3ci\u0142 do Nysy. 19.09.2009<\/p>\n<\/div>\n","protected":false},"excerpt":{"rendered":"<p>SU42-505 z mi\u0119dzynarodowym poci\u0105giem osobowym relacji Opole G\u0142\u00f3wne &#8211; Ostru\u017en\u00e1 wtacza si\u0119 na stacj\u0119 w G\u0142ucho\u0142azach, mijaj\u0105c jedn\u0105 z trzech tutejszych nastawni wykonawczych. Tego dnia z nieznanych mi przyczyn relacja poci\u0105gu zosta\u0142a podzielona na stacji granicznej. Czeski odcinek obs\u0142u\u017cy\u0142 przyby\u0142y z Jesen\u00edka pojazd serii 810, a polski sk\u0142ad wr\u00f3ci\u0142 do Nysy. 19.09.2009<\/p>\n","protected":false},"author":1,"featured_media":9223,"comment_status":"open","ping_status":"","sticky":false,"template":"","format":"standard","meta":{"footnotes":""},"categories":[2,169],"tags":[1150,165,63,27,176,250,53,166],"class_list":["post-9222","post","type-post","status-publish","format-standard","has-post-thumbnail","hentry","category-kolej","category-rok-2009","tag-2009-09-19","tag-glucholazy","tag-pkp","tag-polska","tag-rano","tag-su42","tag-sygnalizacja-ksztaltowa","tag-tab-pl203"],"_links":{"self":[{"href":"https:\/\/wgphoto.pl\/t\/index.php?rest_route=\/wp\/v2\/posts\/9222","targetHints":{"allow":["GET"]}}],"collection":[{"href":"https:\/\/wgphoto.pl\/t\/index.php?rest_route=\/wp\/v2\/posts"}],"about":[{"href":"https:\/\/wgphoto.pl\/t\/index.php?rest_route=\/wp\/v2\/types\/post"}],"author":[{"embeddable":true,"href":"https:\/\/wgphoto.pl\/t\/index.php?rest_route=\/wp\/v2\/users\/1"}],"replies":[{"embeddable":true,"href":"https:\/\/wgphoto.pl\/t\/index.php?rest_route=%2Fwp%2Fv2%2Fcomments&post=9222"}],"version-history":[{"count":1,"href":"https:\/\/wgphoto.pl\/t\/index.php?rest_route=\/wp\/v2\/posts\/9222\/revisions"}],"predecessor-version":[{"id":9224,"href":"https:\/\/wgphoto.pl\/t\/index.php?rest_route=\/wp\/v2\/posts\/9222\/revisions\/9224"}],"wp:featuredmedia":[{"embeddable":true,"href":"https:\/\/wgphoto.pl\/t\/index.php?rest_route=\/wp\/v2\/media\/9223"}],"wp:attachment":[{"href":"https:\/\/wgphoto.pl\/t\/index.php?rest_route=%2Fwp%2Fv2%2Fmedia&parent=9222"}],"wp:term":[{"taxonomy":"category","embeddable":true,"href":"https:\/\/wgphoto.pl\/t\/index.php?rest_route=%2Fwp%2Fv2%2Fcategories&post=9222"},{"taxonomy":"post_tag","embeddable":true,"href":"https:\/\/wgphoto.pl\/t\/index.php?rest_route=%2Fwp%2Fv2%2Ftags&post=9222"}],"curies":[{"name":"wp","href":"https:\/\/api.w.org\/{rel}","templated":true}]}}