{"id":9228,"date":"2025-01-09T17:56:17","date_gmt":"2025-01-09T16:56:17","guid":{"rendered":"https:\/\/wgphoto.pl\/t\/?p=9228"},"modified":"2025-01-09T17:56:17","modified_gmt":"2025-01-09T16:56:17","slug":"gu2","status":"publish","type":"post","link":"https:\/\/wgphoto.pl\/t\/?p=9228","title":{"rendered":"Gu2"},"content":{"rendered":"\n<figure class=\"wp-block-image aligncenter size-full\"><img loading=\"lazy\" decoding=\"async\" width=\"1024\" height=\"685\" src=\"https:\/\/wgphoto.pl\/t\/wp-content\/uploads\/2025\/01\/IMGP7164-1.jpg\" alt=\"\" class=\"wp-image-9229\" srcset=\"https:\/\/wgphoto.pl\/t\/wp-content\/uploads\/2025\/01\/IMGP7164-1.jpg 1024w, https:\/\/wgphoto.pl\/t\/wp-content\/uploads\/2025\/01\/IMGP7164-1-300x201.jpg 300w, https:\/\/wgphoto.pl\/t\/wp-content\/uploads\/2025\/01\/IMGP7164-1-768x514.jpg 768w\" sizes=\"auto, (max-width: 1024px) 100vw, 1024px\" \/><\/figure>\n\n\n\n<div class=\"wp-block-group has-global-padding is-layout-constrained wp-block-group-is-layout-constrained\">\n<p>Jeszcze jedno uj\u0119cie poci\u0105gu z poprzedniego zdj\u0119cia &#8211; z nastawni\u0105 Gu2 w kadrze. Widoczne s\u0105 tak\u017ce s\u0142upki hektometrowe odnosz\u0105ce si\u0119 do obu transgranicznych linii maj\u0105cych sw\u00f3j pocz\u0105tek w G\u0142ucho\u0142azach &#8211; 343 do Mikulovic (kt\u00f3r\u0105 jedzie widoczny poci\u0105g) oraz 333 do G\u0142ubczyc przez Krnov. 18.07.2009<\/p>\n<\/div>\n","protected":false},"excerpt":{"rendered":"<p>Jeszcze jedno uj\u0119cie poci\u0105gu z poprzedniego zdj\u0119cia &#8211; z nastawni\u0105 Gu2 w kadrze. Widoczne s\u0105 tak\u017ce s\u0142upki hektometrowe odnosz\u0105ce si\u0119 do obu transgranicznych linii maj\u0105cych sw\u00f3j pocz\u0105tek w G\u0142ucho\u0142azach &#8211; 343 do Mikulovic (kt\u00f3r\u0105 jedzie widoczny poci\u0105g) oraz 333 do G\u0142ubczyc przez Krnov. 18.07.2009<\/p>\n","protected":false},"author":1,"featured_media":9229,"comment_status":"open","ping_status":"","sticky":false,"template":"","format":"standard","meta":{"footnotes":""},"categories":[2,169],"tags":[620,1058,50,165,249,27,167],"class_list":["post-9228","post","type-post","status-publish","format-standard","has-post-thumbnail","hentry","category-kolej","category-rok-2009","tag-2009-07-18","tag-1058","tag-cd","tag-glucholazy","tag-goscinne-wystepy","tag-polska","tag-tab-cz292"],"_links":{"self":[{"href":"https:\/\/wgphoto.pl\/t\/index.php?rest_route=\/wp\/v2\/posts\/9228","targetHints":{"allow":["GET"]}}],"collection":[{"href":"https:\/\/wgphoto.pl\/t\/index.php?rest_route=\/wp\/v2\/posts"}],"about":[{"href":"https:\/\/wgphoto.pl\/t\/index.php?rest_route=\/wp\/v2\/types\/post"}],"author":[{"embeddable":true,"href":"https:\/\/wgphoto.pl\/t\/index.php?rest_route=\/wp\/v2\/users\/1"}],"replies":[{"embeddable":true,"href":"https:\/\/wgphoto.pl\/t\/index.php?rest_route=%2Fwp%2Fv2%2Fcomments&post=9228"}],"version-history":[{"count":1,"href":"https:\/\/wgphoto.pl\/t\/index.php?rest_route=\/wp\/v2\/posts\/9228\/revisions"}],"predecessor-version":[{"id":9230,"href":"https:\/\/wgphoto.pl\/t\/index.php?rest_route=\/wp\/v2\/posts\/9228\/revisions\/9230"}],"wp:featuredmedia":[{"embeddable":true,"href":"https:\/\/wgphoto.pl\/t\/index.php?rest_route=\/wp\/v2\/media\/9229"}],"wp:attachment":[{"href":"https:\/\/wgphoto.pl\/t\/index.php?rest_route=%2Fwp%2Fv2%2Fmedia&parent=9228"}],"wp:term":[{"taxonomy":"category","embeddable":true,"href":"https:\/\/wgphoto.pl\/t\/index.php?rest_route=%2Fwp%2Fv2%2Fcategories&post=9228"},{"taxonomy":"post_tag","embeddable":true,"href":"https:\/\/wgphoto.pl\/t\/index.php?rest_route=%2Fwp%2Fv2%2Ftags&post=9228"}],"curies":[{"name":"wp","href":"https:\/\/api.w.org\/{rel}","templated":true}]}}