{"id":9231,"date":"2025-01-09T17:57:36","date_gmt":"2025-01-09T16:57:36","guid":{"rendered":"https:\/\/wgphoto.pl\/t\/?p=9231"},"modified":"2025-01-09T17:57:36","modified_gmt":"2025-01-09T16:57:36","slug":"ziegenhals-stadt","status":"publish","type":"post","link":"https:\/\/wgphoto.pl\/t\/?p=9231","title":{"rendered":"Ziegenhals Stadt"},"content":{"rendered":"\n<figure class=\"wp-block-image aligncenter size-full\"><img loading=\"lazy\" decoding=\"async\" width=\"1024\" height=\"685\" src=\"https:\/\/wgphoto.pl\/t\/wp-content\/uploads\/2025\/01\/IMGP8424-1.jpg\" alt=\"\" class=\"wp-image-9233\" srcset=\"https:\/\/wgphoto.pl\/t\/wp-content\/uploads\/2025\/01\/IMGP8424-1.jpg 1024w, https:\/\/wgphoto.pl\/t\/wp-content\/uploads\/2025\/01\/IMGP8424-1-300x201.jpg 300w, https:\/\/wgphoto.pl\/t\/wp-content\/uploads\/2025\/01\/IMGP8424-1-768x514.jpg 768w\" sizes=\"auto, (max-width: 1024px) 100vw, 1024px\" \/><\/figure>\n\n\n\n<div class=\"wp-block-group has-global-padding is-layout-constrained wp-block-group-is-layout-constrained\">\n<p>Szlak Mikulovice &#8211; G\u0142ucho\u0142azy. Rychlik 885 z Jesen\u00edka do Ostravy-Svinov wygina si\u0119 na przeciwnych \u0142ukach, mijaj\u0105c bez zatrzymania nieczynny od II W\u015a przystanek nosz\u0105cy niegdy\u015b nazw\u0119 Ziegenhals Stadt. Co ciekawe, jednakow\u0105 niemieck\u0105 nazw\u0119 podaje <a href=\"http:\/\/www.bazakolejowa.pl\" target=\"_BLANK\" rel=\"noreferrer noopener\">skarbnica wiedzy o polskiej sieci kolejowej<\/a> dla przystanku G\u0142ucho\u0142azy Miasto, le\u017c\u0105cego na linii do G\u0142ucho\u0142az Zdroju. 07.08.2009<\/p>\n<\/div>\n","protected":false},"excerpt":{"rendered":"<p>Szlak Mikulovice &#8211; G\u0142ucho\u0142azy. Rychlik 885 z Jesen\u00edka do Ostravy-Svinov wygina si\u0119 na przeciwnych \u0142ukach, mijaj\u0105c bez zatrzymania nieczynny od II W\u015a przystanek nosz\u0105cy niegdy\u015b nazw\u0119 Ziegenhals Stadt. Co ciekawe, jednakow\u0105 niemieck\u0105 nazw\u0119 podaje skarbnica wiedzy o polskiej sieci kolejowej dla przystanku G\u0142ucho\u0142azy Miasto, le\u017c\u0105cego na linii do G\u0142ucho\u0142az Zdroju. 07.08.2009<\/p>\n","protected":false},"author":1,"featured_media":9233,"comment_status":"open","ping_status":"","sticky":false,"template":"","format":"standard","meta":{"footnotes":""},"categories":[2,169],"tags":[168,2211,50,165,249,173,27,167,1869],"class_list":["post-9231","post","type-post","status-publish","format-standard","has-post-thumbnail","hentry","category-kolej","category-rok-2009","tag-2009-08-07","tag-2211","tag-cd","tag-glucholazy","tag-goscinne-wystepy","tag-koncowki","tag-polska","tag-tab-cz292","tag-wagon-sterowniczy"],"_links":{"self":[{"href":"https:\/\/wgphoto.pl\/t\/index.php?rest_route=\/wp\/v2\/posts\/9231","targetHints":{"allow":["GET"]}}],"collection":[{"href":"https:\/\/wgphoto.pl\/t\/index.php?rest_route=\/wp\/v2\/posts"}],"about":[{"href":"https:\/\/wgphoto.pl\/t\/index.php?rest_route=\/wp\/v2\/types\/post"}],"author":[{"embeddable":true,"href":"https:\/\/wgphoto.pl\/t\/index.php?rest_route=\/wp\/v2\/users\/1"}],"replies":[{"embeddable":true,"href":"https:\/\/wgphoto.pl\/t\/index.php?rest_route=%2Fwp%2Fv2%2Fcomments&post=9231"}],"version-history":[{"count":1,"href":"https:\/\/wgphoto.pl\/t\/index.php?rest_route=\/wp\/v2\/posts\/9231\/revisions"}],"predecessor-version":[{"id":9234,"href":"https:\/\/wgphoto.pl\/t\/index.php?rest_route=\/wp\/v2\/posts\/9231\/revisions\/9234"}],"wp:featuredmedia":[{"embeddable":true,"href":"https:\/\/wgphoto.pl\/t\/index.php?rest_route=\/wp\/v2\/media\/9233"}],"wp:attachment":[{"href":"https:\/\/wgphoto.pl\/t\/index.php?rest_route=%2Fwp%2Fv2%2Fmedia&parent=9231"}],"wp:term":[{"taxonomy":"category","embeddable":true,"href":"https:\/\/wgphoto.pl\/t\/index.php?rest_route=%2Fwp%2Fv2%2Fcategories&post=9231"},{"taxonomy":"post_tag","embeddable":true,"href":"https:\/\/wgphoto.pl\/t\/index.php?rest_route=%2Fwp%2Fv2%2Ftags&post=9231"}],"curies":[{"name":"wp","href":"https:\/\/api.w.org\/{rel}","templated":true}]}}