{"id":9238,"date":"2025-01-09T18:00:12","date_gmt":"2025-01-09T17:00:12","guid":{"rendered":"https:\/\/wgphoto.pl\/t\/?p=9238"},"modified":"2025-01-09T18:00:12","modified_gmt":"2025-01-09T17:00:12","slug":"pokrzywna","status":"publish","type":"post","link":"https:\/\/wgphoto.pl\/t\/?p=9238","title":{"rendered":"Pokrzywna"},"content":{"rendered":"\n<figure class=\"wp-block-image aligncenter size-full\"><img loading=\"lazy\" decoding=\"async\" width=\"1200\" height=\"803\" src=\"https:\/\/wgphoto.pl\/t\/wp-content\/uploads\/2025\/01\/IMGP0114.jpg\" alt=\"\" class=\"wp-image-9239\" srcset=\"https:\/\/wgphoto.pl\/t\/wp-content\/uploads\/2025\/01\/IMGP0114.jpg 1200w, https:\/\/wgphoto.pl\/t\/wp-content\/uploads\/2025\/01\/IMGP0114-300x201.jpg 300w, https:\/\/wgphoto.pl\/t\/wp-content\/uploads\/2025\/01\/IMGP0114-768x514.jpg 768w\" sizes=\"auto, (max-width: 1200px) 100vw, 1200px\" \/><\/figure>\n\n\n\n<div class=\"wp-block-group has-global-padding is-layout-constrained wp-block-group-is-layout-constrained\">\n<p>Rychlik 1180 rel. Ostrava-Svinov &#8211; Jesen\u00edk w \u015bwietle poranka pokonuje most w Pokrzywnej. Tradycyjnie z lekkim niezadowoleniem sfotografowa\u0142em poci\u0105g od strony wagonu sterowniczego (zawsze to lepiej mie\u0107 na zdj\u0119ciu pojazd trakcyjny\u2026), ale Czesi s\u0105 na tyle porz\u0105dni, \u017ce na og\u00f3\u0142 nie zamieniaj\u0105 &#8222;przod\u00f3w&#8221; miejscami je\u015bli w zestawieniu sk\u0142ad\u00f3w ustalono, z kt\u00f3rej strony poci\u0105gu ma si\u0119 znajdowa\u0107 wagon motorowy, a z kt\u00f3rej sterowniczy. W przypadku prezentowanej relacji wagon motorowy zawsze znajduje si\u0119 na przodzie poci\u0105g\u00f3w przyje\u017cd\u017caj\u0105cych do Polski, sterowniczy za\u015b prowadzi sk\u0142ady odje\u017cd\u017caj\u0105ce &#8211; po zmianie kierunku jazdy &#8211; do Czech. 19.10.2012<\/p>\n<\/div>\n","protected":false},"excerpt":{"rendered":"<p>Rychlik 1180 rel. Ostrava-Svinov &#8211; Jesen\u00edk w \u015bwietle poranka pokonuje most w Pokrzywnej. Tradycyjnie z lekkim niezadowoleniem sfotografowa\u0142em poci\u0105g od strony wagonu sterowniczego (zawsze to lepiej mie\u0107 na zdj\u0119ciu pojazd trakcyjny\u2026), ale Czesi s\u0105 na tyle porz\u0105dni, \u017ce na og\u00f3\u0142 nie zamieniaj\u0105 &#8222;przod\u00f3w&#8221; miejscami je\u015bli w zestawieniu sk\u0142ad\u00f3w ustalono, z kt\u00f3rej strony poci\u0105gu ma si\u0119 [&hellip;]<\/p>\n","protected":false},"author":1,"featured_media":9239,"comment_status":"open","ping_status":"","sticky":false,"template":"","format":"standard","meta":{"footnotes":""},"categories":[2,46],"tags":[1142,2211,50,165,249,126,2827,821,45,27,176,167,1869],"class_list":["post-9238","post","type-post","status-publish","format-standard","has-post-thumbnail","hentry","category-kolej","category-rok-2012","tag-2012-10-19","tag-2211","tag-cd","tag-glucholazy","tag-goscinne-wystepy","tag-jesien","tag-jindrichov-ve-slezsku","tag-mgla","tag-most","tag-polska","tag-rano","tag-tab-cz292","tag-wagon-sterowniczy"],"_links":{"self":[{"href":"https:\/\/wgphoto.pl\/t\/index.php?rest_route=\/wp\/v2\/posts\/9238","targetHints":{"allow":["GET"]}}],"collection":[{"href":"https:\/\/wgphoto.pl\/t\/index.php?rest_route=\/wp\/v2\/posts"}],"about":[{"href":"https:\/\/wgphoto.pl\/t\/index.php?rest_route=\/wp\/v2\/types\/post"}],"author":[{"embeddable":true,"href":"https:\/\/wgphoto.pl\/t\/index.php?rest_route=\/wp\/v2\/users\/1"}],"replies":[{"embeddable":true,"href":"https:\/\/wgphoto.pl\/t\/index.php?rest_route=%2Fwp%2Fv2%2Fcomments&post=9238"}],"version-history":[{"count":1,"href":"https:\/\/wgphoto.pl\/t\/index.php?rest_route=\/wp\/v2\/posts\/9238\/revisions"}],"predecessor-version":[{"id":9240,"href":"https:\/\/wgphoto.pl\/t\/index.php?rest_route=\/wp\/v2\/posts\/9238\/revisions\/9240"}],"wp:featuredmedia":[{"embeddable":true,"href":"https:\/\/wgphoto.pl\/t\/index.php?rest_route=\/wp\/v2\/media\/9239"}],"wp:attachment":[{"href":"https:\/\/wgphoto.pl\/t\/index.php?rest_route=%2Fwp%2Fv2%2Fmedia&parent=9238"}],"wp:term":[{"taxonomy":"category","embeddable":true,"href":"https:\/\/wgphoto.pl\/t\/index.php?rest_route=%2Fwp%2Fv2%2Fcategories&post=9238"},{"taxonomy":"post_tag","embeddable":true,"href":"https:\/\/wgphoto.pl\/t\/index.php?rest_route=%2Fwp%2Fv2%2Ftags&post=9238"}],"curies":[{"name":"wp","href":"https:\/\/api.w.org\/{rel}","templated":true}]}}