{"id":9241,"date":"2025-01-09T18:01:52","date_gmt":"2025-01-09T17:01:52","guid":{"rendered":"https:\/\/wgphoto.pl\/t\/?p=9241"},"modified":"2025-01-09T18:01:52","modified_gmt":"2025-01-09T17:01:52","slug":"zar-z-nieba","status":"publish","type":"post","link":"https:\/\/wgphoto.pl\/t\/?p=9241","title":{"rendered":"\u017bar z nieba"},"content":{"rendered":"\n<figure class=\"wp-block-image aligncenter size-full\"><img loading=\"lazy\" decoding=\"async\" width=\"1024\" height=\"683\" src=\"https:\/\/wgphoto.pl\/t\/wp-content\/uploads\/2025\/01\/IMGP3639.jpg\" alt=\"\" class=\"wp-image-9242\" srcset=\"https:\/\/wgphoto.pl\/t\/wp-content\/uploads\/2025\/01\/IMGP3639.jpg 1024w, https:\/\/wgphoto.pl\/t\/wp-content\/uploads\/2025\/01\/IMGP3639-300x200.jpg 300w, https:\/\/wgphoto.pl\/t\/wp-content\/uploads\/2025\/01\/IMGP3639-768x512.jpg 768w\" sizes=\"auto, (max-width: 1024px) 100vw, 1024px\" \/><\/figure>\n\n\n\n<div class=\"wp-block-group has-global-padding is-layout-constrained wp-block-group-is-layout-constrained\">\n<p>Osijek, ul. Josipa Jurja Strossmayera. W odpowiedzi na temperatury panuj\u0105ce za oknem taki obrazek z upalnego Osijeku &#8211; cho\u0107 jedyn\u0105 widoczn\u0105 tu oznak\u0105 upa\u0142u mog\u0105 by\u0107 pootwierane wszystkie otwory okienne i dachowe, jakie tylko da\u0142o si\u0119 otworzy\u0107 w zmodernizowanej tetr\u00f3jce. By\u0142o tak gor\u0105co, \u017ce nawet ja da\u0142em sobie spok\u00f3j z tramwajami i poszed\u0142em nad poblisk\u0105 rzek\u0119 zaopatrzywszy si\u0119 uprzednio w napoje ch\u0142odz\u0105ce o nazwie Osije\u010dko. \ud83d\ude09 25.08.2011<\/p>\n<\/div>\n","protected":false},"excerpt":{"rendered":"<p>Osijek, ul. Josipa Jurja Strossmayera. W odpowiedzi na temperatury panuj\u0105ce za oknem taki obrazek z upalnego Osijeku &#8211; cho\u0107 jedyn\u0105 widoczn\u0105 tu oznak\u0105 upa\u0142u mog\u0105 by\u0107 pootwierane wszystkie otwory okienne i dachowe, jakie tylko da\u0142o si\u0119 otworzy\u0107 w zmodernizowanej tetr\u00f3jce. By\u0142o tak gor\u0105co, \u017ce nawet ja da\u0142em sobie spok\u00f3j z tramwajami i poszed\u0142em nad poblisk\u0105 [&hellip;]<\/p>\n","protected":false},"author":1,"featured_media":9242,"comment_status":"open","ping_status":"","sticky":false,"template":"","format":"standard","meta":{"footnotes":""},"categories":[77,3],"tags":[460,459,458,1011],"class_list":["post-9241","post","type-post","status-publish","format-standard","has-post-thumbnail","hentry","category-rok-2011","category-tramwaj","tag-2011-08-25","tag-chorwacja","tag-osijek","tag-tatra-t3"],"_links":{"self":[{"href":"https:\/\/wgphoto.pl\/t\/index.php?rest_route=\/wp\/v2\/posts\/9241","targetHints":{"allow":["GET"]}}],"collection":[{"href":"https:\/\/wgphoto.pl\/t\/index.php?rest_route=\/wp\/v2\/posts"}],"about":[{"href":"https:\/\/wgphoto.pl\/t\/index.php?rest_route=\/wp\/v2\/types\/post"}],"author":[{"embeddable":true,"href":"https:\/\/wgphoto.pl\/t\/index.php?rest_route=\/wp\/v2\/users\/1"}],"replies":[{"embeddable":true,"href":"https:\/\/wgphoto.pl\/t\/index.php?rest_route=%2Fwp%2Fv2%2Fcomments&post=9241"}],"version-history":[{"count":1,"href":"https:\/\/wgphoto.pl\/t\/index.php?rest_route=\/wp\/v2\/posts\/9241\/revisions"}],"predecessor-version":[{"id":9243,"href":"https:\/\/wgphoto.pl\/t\/index.php?rest_route=\/wp\/v2\/posts\/9241\/revisions\/9243"}],"wp:featuredmedia":[{"embeddable":true,"href":"https:\/\/wgphoto.pl\/t\/index.php?rest_route=\/wp\/v2\/media\/9242"}],"wp:attachment":[{"href":"https:\/\/wgphoto.pl\/t\/index.php?rest_route=%2Fwp%2Fv2%2Fmedia&parent=9241"}],"wp:term":[{"taxonomy":"category","embeddable":true,"href":"https:\/\/wgphoto.pl\/t\/index.php?rest_route=%2Fwp%2Fv2%2Fcategories&post=9241"},{"taxonomy":"post_tag","embeddable":true,"href":"https:\/\/wgphoto.pl\/t\/index.php?rest_route=%2Fwp%2Fv2%2Ftags&post=9241"}],"curies":[{"name":"wp","href":"https:\/\/api.w.org\/{rel}","templated":true}]}}