{"id":9244,"date":"2025-01-09T18:02:47","date_gmt":"2025-01-09T17:02:47","guid":{"rendered":"https:\/\/wgphoto.pl\/t\/?p=9244"},"modified":"2025-01-09T18:02:47","modified_gmt":"2025-01-09T17:02:47","slug":"t3pv-o-nr-0717","status":"publish","type":"post","link":"https:\/\/wgphoto.pl\/t\/?p=9244","title":{"rendered":"T3PV.O nr 0717"},"content":{"rendered":"\n<figure class=\"wp-block-image aligncenter size-full\"><img loading=\"lazy\" decoding=\"async\" width=\"1024\" height=\"683\" src=\"https:\/\/wgphoto.pl\/t\/wp-content\/uploads\/2025\/01\/IMGP3628.jpg\" alt=\"\" class=\"wp-image-9245\" srcset=\"https:\/\/wgphoto.pl\/t\/wp-content\/uploads\/2025\/01\/IMGP3628.jpg 1024w, https:\/\/wgphoto.pl\/t\/wp-content\/uploads\/2025\/01\/IMGP3628-300x200.jpg 300w, https:\/\/wgphoto.pl\/t\/wp-content\/uploads\/2025\/01\/IMGP3628-768x512.jpg 768w\" sizes=\"auto, (max-width: 1024px) 100vw, 1024px\" \/><\/figure>\n\n\n\n<div class=\"wp-block-group has-global-padding is-layout-constrained wp-block-group-is-layout-constrained\">\n<p>Osijek, ul. Martina Divalta. Plastikowa tatra w chwil\u0119 po odje\u017adzie z p\u0119tli Bikara. Uruchomiony w 2009 roku odcinek Ma\u010dkamama &#8211; Bikara, dzi\u0119ki kt\u00f3remu trasa linii 2 wyd\u0142u\u017cy\u0142a si\u0119 ponad dwukrotnie, jest w ca\u0142o\u015bci jednotorowy z mijankami. 25.08.2011<\/p>\n<\/div>\n","protected":false},"excerpt":{"rendered":"<p>Osijek, ul. Martina Divalta. Plastikowa tatra w chwil\u0119 po odje\u017adzie z p\u0119tli Bikara. Uruchomiony w 2009 roku odcinek Ma\u010dkamama &#8211; Bikara, dzi\u0119ki kt\u00f3remu trasa linii 2 wyd\u0142u\u017cy\u0142a si\u0119 ponad dwukrotnie, jest w ca\u0142o\u015bci jednotorowy z mijankami. 25.08.2011<\/p>\n","protected":false},"author":1,"featured_media":9245,"comment_status":"open","ping_status":"","sticky":false,"template":"","format":"standard","meta":{"footnotes":""},"categories":[77,3],"tags":[460,459,458,1011],"class_list":["post-9244","post","type-post","status-publish","format-standard","has-post-thumbnail","hentry","category-rok-2011","category-tramwaj","tag-2011-08-25","tag-chorwacja","tag-osijek","tag-tatra-t3"],"_links":{"self":[{"href":"https:\/\/wgphoto.pl\/t\/index.php?rest_route=\/wp\/v2\/posts\/9244","targetHints":{"allow":["GET"]}}],"collection":[{"href":"https:\/\/wgphoto.pl\/t\/index.php?rest_route=\/wp\/v2\/posts"}],"about":[{"href":"https:\/\/wgphoto.pl\/t\/index.php?rest_route=\/wp\/v2\/types\/post"}],"author":[{"embeddable":true,"href":"https:\/\/wgphoto.pl\/t\/index.php?rest_route=\/wp\/v2\/users\/1"}],"replies":[{"embeddable":true,"href":"https:\/\/wgphoto.pl\/t\/index.php?rest_route=%2Fwp%2Fv2%2Fcomments&post=9244"}],"version-history":[{"count":1,"href":"https:\/\/wgphoto.pl\/t\/index.php?rest_route=\/wp\/v2\/posts\/9244\/revisions"}],"predecessor-version":[{"id":9246,"href":"https:\/\/wgphoto.pl\/t\/index.php?rest_route=\/wp\/v2\/posts\/9244\/revisions\/9246"}],"wp:featuredmedia":[{"embeddable":true,"href":"https:\/\/wgphoto.pl\/t\/index.php?rest_route=\/wp\/v2\/media\/9245"}],"wp:attachment":[{"href":"https:\/\/wgphoto.pl\/t\/index.php?rest_route=%2Fwp%2Fv2%2Fmedia&parent=9244"}],"wp:term":[{"taxonomy":"category","embeddable":true,"href":"https:\/\/wgphoto.pl\/t\/index.php?rest_route=%2Fwp%2Fv2%2Fcategories&post=9244"},{"taxonomy":"post_tag","embeddable":true,"href":"https:\/\/wgphoto.pl\/t\/index.php?rest_route=%2Fwp%2Fv2%2Ftags&post=9244"}],"curies":[{"name":"wp","href":"https:\/\/api.w.org\/{rel}","templated":true}]}}