{"id":9247,"date":"2025-01-09T18:03:39","date_gmt":"2025-01-09T17:03:39","guid":{"rendered":"https:\/\/wgphoto.pl\/t\/?p=9247"},"modified":"2025-01-09T18:03:39","modified_gmt":"2025-01-09T17:03:39","slug":"srodmiescie","status":"publish","type":"post","link":"https:\/\/wgphoto.pl\/t\/?p=9247","title":{"rendered":"\u015ar\u00f3dmie\u015bcie"},"content":{"rendered":"\n<figure class=\"wp-block-image aligncenter size-full\"><img loading=\"lazy\" decoding=\"async\" width=\"1024\" height=\"683\" src=\"https:\/\/wgphoto.pl\/t\/wp-content\/uploads\/2025\/01\/IMGP3609.jpg\" alt=\"\" class=\"wp-image-9248\" srcset=\"https:\/\/wgphoto.pl\/t\/wp-content\/uploads\/2025\/01\/IMGP3609.jpg 1024w, https:\/\/wgphoto.pl\/t\/wp-content\/uploads\/2025\/01\/IMGP3609-300x200.jpg 300w, https:\/\/wgphoto.pl\/t\/wp-content\/uploads\/2025\/01\/IMGP3609-768x512.jpg 768w\" sizes=\"auto, (max-width: 1024px) 100vw, 1024px\" \/><\/figure>\n\n\n\n<div class=\"wp-block-group has-global-padding is-layout-constrained wp-block-group-is-layout-constrained\">\n<p>Osijek, ul. \u017dupanijska. Dw\u00f3jka pokonuje \u015br\u00f3dmiejski odcinek swej trasy. W przeciwnym kierunku tramwaje kursuj\u0105 kilka ulic dalej &#8211; taka organizacja ruchu jest pozosta\u0142o\u015bci\u0105 po dawnej, nied\u0142ugiej (kilkana\u015bcie minut jazdy), ok\u00f3lnej trasie okr\u0105\u017caj\u0105cej \u015br\u00f3dmie\u015bcie i \u0142\u0105cz\u0105cej g\u0142\u00f3wny plac, pe\u0142ni\u0105cy rol\u0119 rynku, z dworcem kolejowym. Gdyby kto\u015b pyta\u0142 &#8211; kolorowe chor\u0105giewki, wisz\u0105ce w ca\u0142ym niemal mie\u015bcie, reklamuj\u0105 miejscowe centrum handlowe.<br>Szkoda \u017ce te tramwaje je\u017cd\u017c\u0105 przy samym kraw\u0119\u017cniku, bo przez to kadry jako\u015b si\u0119 nie chc\u0105 komponowa\u0107. \ud83d\ude09 25.08.2011<\/p>\n<\/div>\n","protected":false},"excerpt":{"rendered":"<p>Osijek, ul. \u017dupanijska. Dw\u00f3jka pokonuje \u015br\u00f3dmiejski odcinek swej trasy. W przeciwnym kierunku tramwaje kursuj\u0105 kilka ulic dalej &#8211; taka organizacja ruchu jest pozosta\u0142o\u015bci\u0105 po dawnej, nied\u0142ugiej (kilkana\u015bcie minut jazdy), ok\u00f3lnej trasie okr\u0105\u017caj\u0105cej \u015br\u00f3dmie\u015bcie i \u0142\u0105cz\u0105cej g\u0142\u00f3wny plac, pe\u0142ni\u0105cy rol\u0119 rynku, z dworcem kolejowym. Gdyby kto\u015b pyta\u0142 &#8211; kolorowe chor\u0105giewki, wisz\u0105ce w ca\u0142ym niemal mie\u015bcie, reklamuj\u0105 [&hellip;]<\/p>\n","protected":false},"author":1,"featured_media":9248,"comment_status":"open","ping_status":"","sticky":false,"template":"","format":"standard","meta":{"footnotes":""},"categories":[77,3],"tags":[460,459,458,1011],"class_list":["post-9247","post","type-post","status-publish","format-standard","has-post-thumbnail","hentry","category-rok-2011","category-tramwaj","tag-2011-08-25","tag-chorwacja","tag-osijek","tag-tatra-t3"],"_links":{"self":[{"href":"https:\/\/wgphoto.pl\/t\/index.php?rest_route=\/wp\/v2\/posts\/9247","targetHints":{"allow":["GET"]}}],"collection":[{"href":"https:\/\/wgphoto.pl\/t\/index.php?rest_route=\/wp\/v2\/posts"}],"about":[{"href":"https:\/\/wgphoto.pl\/t\/index.php?rest_route=\/wp\/v2\/types\/post"}],"author":[{"embeddable":true,"href":"https:\/\/wgphoto.pl\/t\/index.php?rest_route=\/wp\/v2\/users\/1"}],"replies":[{"embeddable":true,"href":"https:\/\/wgphoto.pl\/t\/index.php?rest_route=%2Fwp%2Fv2%2Fcomments&post=9247"}],"version-history":[{"count":1,"href":"https:\/\/wgphoto.pl\/t\/index.php?rest_route=\/wp\/v2\/posts\/9247\/revisions"}],"predecessor-version":[{"id":9249,"href":"https:\/\/wgphoto.pl\/t\/index.php?rest_route=\/wp\/v2\/posts\/9247\/revisions\/9249"}],"wp:featuredmedia":[{"embeddable":true,"href":"https:\/\/wgphoto.pl\/t\/index.php?rest_route=\/wp\/v2\/media\/9248"}],"wp:attachment":[{"href":"https:\/\/wgphoto.pl\/t\/index.php?rest_route=%2Fwp%2Fv2%2Fmedia&parent=9247"}],"wp:term":[{"taxonomy":"category","embeddable":true,"href":"https:\/\/wgphoto.pl\/t\/index.php?rest_route=%2Fwp%2Fv2%2Fcategories&post=9247"},{"taxonomy":"post_tag","embeddable":true,"href":"https:\/\/wgphoto.pl\/t\/index.php?rest_route=%2Fwp%2Fv2%2Ftags&post=9247"}],"curies":[{"name":"wp","href":"https:\/\/api.w.org\/{rel}","templated":true}]}}