{"id":9250,"date":"2025-01-09T18:04:33","date_gmt":"2025-01-09T17:04:33","guid":{"rendered":"https:\/\/wgphoto.pl\/t\/?p=9250"},"modified":"2025-01-09T18:04:33","modified_gmt":"2025-01-09T17:04:33","slug":"t3pv-o-nr-0610","status":"publish","type":"post","link":"https:\/\/wgphoto.pl\/t\/?p=9250","title":{"rendered":"T3PV.O nr 0610"},"content":{"rendered":"\n<figure class=\"wp-block-image aligncenter size-full\"><img loading=\"lazy\" decoding=\"async\" width=\"1024\" height=\"683\" src=\"https:\/\/wgphoto.pl\/t\/wp-content\/uploads\/2025\/01\/IMGP3619.jpg\" alt=\"\" class=\"wp-image-9251\" srcset=\"https:\/\/wgphoto.pl\/t\/wp-content\/uploads\/2025\/01\/IMGP3619.jpg 1024w, https:\/\/wgphoto.pl\/t\/wp-content\/uploads\/2025\/01\/IMGP3619-300x200.jpg 300w, https:\/\/wgphoto.pl\/t\/wp-content\/uploads\/2025\/01\/IMGP3619-768x512.jpg 768w\" sizes=\"auto, (max-width: 1024px) 100vw, 1024px\" \/><\/figure>\n\n\n\n<div class=\"wp-block-group has-global-padding is-layout-constrained wp-block-group-is-layout-constrained\">\n<p>Osijek, ul. Martina Divalta. Po\u0142udniowy odcinek dw\u00f3jki w znacznej cz\u0119\u015bci przebiega w\u015br\u00f3d takiej oto sympatycznej, parterowej zabudowy. 25.08.2011<\/p>\n<\/div>\n","protected":false},"excerpt":{"rendered":"<p>Osijek, ul. Martina Divalta. Po\u0142udniowy odcinek dw\u00f3jki w znacznej cz\u0119\u015bci przebiega w\u015br\u00f3d takiej oto sympatycznej, parterowej zabudowy. 25.08.2011<\/p>\n","protected":false},"author":1,"featured_media":9251,"comment_status":"open","ping_status":"","sticky":false,"template":"","format":"standard","meta":{"footnotes":""},"categories":[77,3],"tags":[460,459,458,1011],"class_list":["post-9250","post","type-post","status-publish","format-standard","has-post-thumbnail","hentry","category-rok-2011","category-tramwaj","tag-2011-08-25","tag-chorwacja","tag-osijek","tag-tatra-t3"],"_links":{"self":[{"href":"https:\/\/wgphoto.pl\/t\/index.php?rest_route=\/wp\/v2\/posts\/9250","targetHints":{"allow":["GET"]}}],"collection":[{"href":"https:\/\/wgphoto.pl\/t\/index.php?rest_route=\/wp\/v2\/posts"}],"about":[{"href":"https:\/\/wgphoto.pl\/t\/index.php?rest_route=\/wp\/v2\/types\/post"}],"author":[{"embeddable":true,"href":"https:\/\/wgphoto.pl\/t\/index.php?rest_route=\/wp\/v2\/users\/1"}],"replies":[{"embeddable":true,"href":"https:\/\/wgphoto.pl\/t\/index.php?rest_route=%2Fwp%2Fv2%2Fcomments&post=9250"}],"version-history":[{"count":1,"href":"https:\/\/wgphoto.pl\/t\/index.php?rest_route=\/wp\/v2\/posts\/9250\/revisions"}],"predecessor-version":[{"id":9252,"href":"https:\/\/wgphoto.pl\/t\/index.php?rest_route=\/wp\/v2\/posts\/9250\/revisions\/9252"}],"wp:featuredmedia":[{"embeddable":true,"href":"https:\/\/wgphoto.pl\/t\/index.php?rest_route=\/wp\/v2\/media\/9251"}],"wp:attachment":[{"href":"https:\/\/wgphoto.pl\/t\/index.php?rest_route=%2Fwp%2Fv2%2Fmedia&parent=9250"}],"wp:term":[{"taxonomy":"category","embeddable":true,"href":"https:\/\/wgphoto.pl\/t\/index.php?rest_route=%2Fwp%2Fv2%2Fcategories&post=9250"},{"taxonomy":"post_tag","embeddable":true,"href":"https:\/\/wgphoto.pl\/t\/index.php?rest_route=%2Fwp%2Fv2%2Ftags&post=9250"}],"curies":[{"name":"wp","href":"https:\/\/api.w.org\/{rel}","templated":true}]}}