{"id":9256,"date":"2025-01-09T18:06:28","date_gmt":"2025-01-09T17:06:28","guid":{"rendered":"https:\/\/wgphoto.pl\/t\/?p=9256"},"modified":"2025-01-09T18:06:28","modified_gmt":"2025-01-09T17:06:28","slug":"zeleno-polje","status":"publish","type":"post","link":"https:\/\/wgphoto.pl\/t\/?p=9256","title":{"rendered":"Zeleno Polje"},"content":{"rendered":"\n<figure class=\"wp-block-image aligncenter size-full\"><img loading=\"lazy\" decoding=\"async\" width=\"1024\" height=\"683\" src=\"https:\/\/wgphoto.pl\/t\/wp-content\/uploads\/2025\/01\/IMGP3632.jpg\" alt=\"\" class=\"wp-image-9257\" srcset=\"https:\/\/wgphoto.pl\/t\/wp-content\/uploads\/2025\/01\/IMGP3632.jpg 1024w, https:\/\/wgphoto.pl\/t\/wp-content\/uploads\/2025\/01\/IMGP3632-300x200.jpg 300w, https:\/\/wgphoto.pl\/t\/wp-content\/uploads\/2025\/01\/IMGP3632-768x512.jpg 768w\" sizes=\"auto, (max-width: 1024px) 100vw, 1024px\" \/><\/figure>\n\n\n\n<div class=\"wp-block-group has-global-padding is-layout-constrained wp-block-group-is-layout-constrained\">\n<p>Osijek, ul. Matije Gupca. Lokalizacja torowiska po obu stronach jezdni jest w Osijeku bardzo popularna. Uk\u0142ad taki zastosowano r\u00f3wnie\u017c na trasie do p\u0119tli Zeleno Polje, kt\u00f3r\u0105 niedawno opu\u015bci\u0142 tramwaj linii 1. 25.08.2011<\/p>\n<\/div>\n","protected":false},"excerpt":{"rendered":"<p>Osijek, ul. Matije Gupca. Lokalizacja torowiska po obu stronach jezdni jest w Osijeku bardzo popularna. Uk\u0142ad taki zastosowano r\u00f3wnie\u017c na trasie do p\u0119tli Zeleno Polje, kt\u00f3r\u0105 niedawno opu\u015bci\u0142 tramwaj linii 1. 25.08.2011<\/p>\n","protected":false},"author":1,"featured_media":9257,"comment_status":"open","ping_status":"","sticky":false,"template":"","format":"standard","meta":{"footnotes":""},"categories":[77,3],"tags":[460,459,458,1011],"class_list":["post-9256","post","type-post","status-publish","format-standard","has-post-thumbnail","hentry","category-rok-2011","category-tramwaj","tag-2011-08-25","tag-chorwacja","tag-osijek","tag-tatra-t3"],"_links":{"self":[{"href":"https:\/\/wgphoto.pl\/t\/index.php?rest_route=\/wp\/v2\/posts\/9256","targetHints":{"allow":["GET"]}}],"collection":[{"href":"https:\/\/wgphoto.pl\/t\/index.php?rest_route=\/wp\/v2\/posts"}],"about":[{"href":"https:\/\/wgphoto.pl\/t\/index.php?rest_route=\/wp\/v2\/types\/post"}],"author":[{"embeddable":true,"href":"https:\/\/wgphoto.pl\/t\/index.php?rest_route=\/wp\/v2\/users\/1"}],"replies":[{"embeddable":true,"href":"https:\/\/wgphoto.pl\/t\/index.php?rest_route=%2Fwp%2Fv2%2Fcomments&post=9256"}],"version-history":[{"count":1,"href":"https:\/\/wgphoto.pl\/t\/index.php?rest_route=\/wp\/v2\/posts\/9256\/revisions"}],"predecessor-version":[{"id":9258,"href":"https:\/\/wgphoto.pl\/t\/index.php?rest_route=\/wp\/v2\/posts\/9256\/revisions\/9258"}],"wp:featuredmedia":[{"embeddable":true,"href":"https:\/\/wgphoto.pl\/t\/index.php?rest_route=\/wp\/v2\/media\/9257"}],"wp:attachment":[{"href":"https:\/\/wgphoto.pl\/t\/index.php?rest_route=%2Fwp%2Fv2%2Fmedia&parent=9256"}],"wp:term":[{"taxonomy":"category","embeddable":true,"href":"https:\/\/wgphoto.pl\/t\/index.php?rest_route=%2Fwp%2Fv2%2Fcategories&post=9256"},{"taxonomy":"post_tag","embeddable":true,"href":"https:\/\/wgphoto.pl\/t\/index.php?rest_route=%2Fwp%2Fv2%2Ftags&post=9256"}],"curies":[{"name":"wp","href":"https:\/\/api.w.org\/{rel}","templated":true}]}}