{"id":9269,"date":"2025-01-09T18:10:41","date_gmt":"2025-01-09T17:10:41","guid":{"rendered":"https:\/\/wgphoto.pl\/t\/?p=9269"},"modified":"2025-01-09T18:10:41","modified_gmt":"2025-01-09T17:10:41","slug":"wszyscy-jestesmy-slowianami","status":"publish","type":"post","link":"https:\/\/wgphoto.pl\/t\/?p=9269","title":{"rendered":"Wszyscy jeste\u015bmy S\u0142owianami"},"content":{"rendered":"\n<figure class=\"wp-block-image aligncenter size-full\"><img loading=\"lazy\" decoding=\"async\" width=\"1024\" height=\"683\" src=\"https:\/\/wgphoto.pl\/t\/wp-content\/uploads\/2025\/01\/IMGP3693.jpg\" alt=\"\" class=\"wp-image-9270\" srcset=\"https:\/\/wgphoto.pl\/t\/wp-content\/uploads\/2025\/01\/IMGP3693.jpg 1024w, https:\/\/wgphoto.pl\/t\/wp-content\/uploads\/2025\/01\/IMGP3693-300x200.jpg 300w, https:\/\/wgphoto.pl\/t\/wp-content\/uploads\/2025\/01\/IMGP3693-768x512.jpg 768w\" sizes=\"auto, (max-width: 1024px) 100vw, 1024px\" \/><\/figure>\n\n\n\n<div class=\"wp-block-group has-global-padding is-layout-constrained wp-block-group-is-layout-constrained\">\n<p>Tatra 0603 z\u0142apana w okolicach miejsca, w kt\u00f3rym ulica Kapucinska zamienia si\u0119 w Europsk\u0105 Avenij\u0119. Nazwy na trzech rzucaj\u0105cych si\u0119 w oczy szyldach mo\u017ce i zapisano w kompletnie nieznanym mi j\u0119zyku, ale sam fakt, \u017ce znajdujemy si\u0119 na po\u0142udniowej s\u0142owia\u0144szczy\u017anie (jak mo\u017cnaby wnioskowa\u0107 z nazwy Jugos\u0142awii) pozwala si\u0119 tu jednak j\u0119zykowo odnale\u017a\u0107. 26.08.2011<\/p>\n<\/div>\n","protected":false},"excerpt":{"rendered":"<p>Tatra 0603 z\u0142apana w okolicach miejsca, w kt\u00f3rym ulica Kapucinska zamienia si\u0119 w Europsk\u0105 Avenij\u0119. Nazwy na trzech rzucaj\u0105cych si\u0119 w oczy szyldach mo\u017ce i zapisano w kompletnie nieznanym mi j\u0119zyku, ale sam fakt, \u017ce znajdujemy si\u0119 na po\u0142udniowej s\u0142owia\u0144szczy\u017anie (jak mo\u017cnaby wnioskowa\u0107 z nazwy Jugos\u0142awii) pozwala si\u0119 tu jednak j\u0119zykowo odnale\u017a\u0107. 26.08.2011<\/p>\n","protected":false},"author":1,"featured_media":9270,"comment_status":"open","ping_status":"","sticky":false,"template":"","format":"standard","meta":{"footnotes":""},"categories":[77,3],"tags":[1598,459,458,176,1011],"class_list":["post-9269","post","type-post","status-publish","format-standard","has-post-thumbnail","hentry","category-rok-2011","category-tramwaj","tag-2011-08-26","tag-chorwacja","tag-osijek","tag-rano","tag-tatra-t3"],"_links":{"self":[{"href":"https:\/\/wgphoto.pl\/t\/index.php?rest_route=\/wp\/v2\/posts\/9269","targetHints":{"allow":["GET"]}}],"collection":[{"href":"https:\/\/wgphoto.pl\/t\/index.php?rest_route=\/wp\/v2\/posts"}],"about":[{"href":"https:\/\/wgphoto.pl\/t\/index.php?rest_route=\/wp\/v2\/types\/post"}],"author":[{"embeddable":true,"href":"https:\/\/wgphoto.pl\/t\/index.php?rest_route=\/wp\/v2\/users\/1"}],"replies":[{"embeddable":true,"href":"https:\/\/wgphoto.pl\/t\/index.php?rest_route=%2Fwp%2Fv2%2Fcomments&post=9269"}],"version-history":[{"count":1,"href":"https:\/\/wgphoto.pl\/t\/index.php?rest_route=\/wp\/v2\/posts\/9269\/revisions"}],"predecessor-version":[{"id":9271,"href":"https:\/\/wgphoto.pl\/t\/index.php?rest_route=\/wp\/v2\/posts\/9269\/revisions\/9271"}],"wp:featuredmedia":[{"embeddable":true,"href":"https:\/\/wgphoto.pl\/t\/index.php?rest_route=\/wp\/v2\/media\/9270"}],"wp:attachment":[{"href":"https:\/\/wgphoto.pl\/t\/index.php?rest_route=%2Fwp%2Fv2%2Fmedia&parent=9269"}],"wp:term":[{"taxonomy":"category","embeddable":true,"href":"https:\/\/wgphoto.pl\/t\/index.php?rest_route=%2Fwp%2Fv2%2Fcategories&post=9269"},{"taxonomy":"post_tag","embeddable":true,"href":"https:\/\/wgphoto.pl\/t\/index.php?rest_route=%2Fwp%2Fv2%2Ftags&post=9269"}],"curies":[{"name":"wp","href":"https:\/\/api.w.org\/{rel}","templated":true}]}}