{"id":9272,"date":"2025-01-09T18:11:34","date_gmt":"2025-01-09T17:11:34","guid":{"rendered":"https:\/\/wgphoto.pl\/t\/?p=9272"},"modified":"2025-01-09T18:11:34","modified_gmt":"2025-01-09T17:11:34","slug":"spod-dworca-3","status":"publish","type":"post","link":"https:\/\/wgphoto.pl\/t\/?p=9272","title":{"rendered":"Spod dworca"},"content":{"rendered":"\n<figure class=\"wp-block-image aligncenter size-full\"><img loading=\"lazy\" decoding=\"async\" width=\"1024\" height=\"683\" src=\"https:\/\/wgphoto.pl\/t\/wp-content\/uploads\/2025\/01\/IMGP3711.jpg\" alt=\"\" class=\"wp-image-9273\" srcset=\"https:\/\/wgphoto.pl\/t\/wp-content\/uploads\/2025\/01\/IMGP3711.jpg 1024w, https:\/\/wgphoto.pl\/t\/wp-content\/uploads\/2025\/01\/IMGP3711-300x200.jpg 300w, https:\/\/wgphoto.pl\/t\/wp-content\/uploads\/2025\/01\/IMGP3711-768x512.jpg 768w\" sizes=\"auto, (max-width: 1024px) 100vw, 1024px\" \/><\/figure>\n\n\n\n<div class=\"wp-block-group has-global-padding is-layout-constrained wp-block-group-is-layout-constrained\">\n<p>Osijek, ul. Bartula Ka\u0161i\u0107a. O\u015bwietlana ostrymi promieniami porannego s\u0142o\u0144ca tatra odje\u017cd\u017ca z przystanku zlokalizowanego przed dworcem kolejowym. Widoczna fragmentarycznie konstrukcja ze stali i szk\u0142a to dosy\u0107 futurystyczna k\u0142adka dla pieszych nad terenem stacji. 26.08.2011<\/p>\n<\/div>\n","protected":false},"excerpt":{"rendered":"<p>Osijek, ul. Bartula Ka\u0161i\u0107a. O\u015bwietlana ostrymi promieniami porannego s\u0142o\u0144ca tatra odje\u017cd\u017ca z przystanku zlokalizowanego przed dworcem kolejowym. Widoczna fragmentarycznie konstrukcja ze stali i szk\u0142a to dosy\u0107 futurystyczna k\u0142adka dla pieszych nad terenem stacji. 26.08.2011<\/p>\n","protected":false},"author":1,"featured_media":9273,"comment_status":"open","ping_status":"","sticky":false,"template":"","format":"standard","meta":{"footnotes":""},"categories":[77,3],"tags":[1598,459,458,176,380,1011],"class_list":["post-9272","post","type-post","status-publish","format-standard","has-post-thumbnail","hentry","category-rok-2011","category-tramwaj","tag-2011-08-26","tag-chorwacja","tag-osijek","tag-rano","tag-spod-dworca","tag-tatra-t3"],"_links":{"self":[{"href":"https:\/\/wgphoto.pl\/t\/index.php?rest_route=\/wp\/v2\/posts\/9272","targetHints":{"allow":["GET"]}}],"collection":[{"href":"https:\/\/wgphoto.pl\/t\/index.php?rest_route=\/wp\/v2\/posts"}],"about":[{"href":"https:\/\/wgphoto.pl\/t\/index.php?rest_route=\/wp\/v2\/types\/post"}],"author":[{"embeddable":true,"href":"https:\/\/wgphoto.pl\/t\/index.php?rest_route=\/wp\/v2\/users\/1"}],"replies":[{"embeddable":true,"href":"https:\/\/wgphoto.pl\/t\/index.php?rest_route=%2Fwp%2Fv2%2Fcomments&post=9272"}],"version-history":[{"count":1,"href":"https:\/\/wgphoto.pl\/t\/index.php?rest_route=\/wp\/v2\/posts\/9272\/revisions"}],"predecessor-version":[{"id":9274,"href":"https:\/\/wgphoto.pl\/t\/index.php?rest_route=\/wp\/v2\/posts\/9272\/revisions\/9274"}],"wp:featuredmedia":[{"embeddable":true,"href":"https:\/\/wgphoto.pl\/t\/index.php?rest_route=\/wp\/v2\/media\/9273"}],"wp:attachment":[{"href":"https:\/\/wgphoto.pl\/t\/index.php?rest_route=%2Fwp%2Fv2%2Fmedia&parent=9272"}],"wp:term":[{"taxonomy":"category","embeddable":true,"href":"https:\/\/wgphoto.pl\/t\/index.php?rest_route=%2Fwp%2Fv2%2Fcategories&post=9272"},{"taxonomy":"post_tag","embeddable":true,"href":"https:\/\/wgphoto.pl\/t\/index.php?rest_route=%2Fwp%2Fv2%2Ftags&post=9272"}],"curies":[{"name":"wp","href":"https:\/\/api.w.org\/{rel}","templated":true}]}}