{"id":9275,"date":"2025-01-09T18:12:29","date_gmt":"2025-01-09T17:12:29","guid":{"rendered":"https:\/\/wgphoto.pl\/t\/?p=9275"},"modified":"2025-01-09T18:12:29","modified_gmt":"2025-01-09T17:12:29","slug":"w-barwach-nieba","status":"publish","type":"post","link":"https:\/\/wgphoto.pl\/t\/?p=9275","title":{"rendered":"W barwach nieba"},"content":{"rendered":"\n<figure class=\"wp-block-image aligncenter size-full\"><img loading=\"lazy\" decoding=\"async\" width=\"1024\" height=\"683\" src=\"https:\/\/wgphoto.pl\/t\/wp-content\/uploads\/2025\/01\/IMGP3713.jpg\" alt=\"\" class=\"wp-image-9276\" srcset=\"https:\/\/wgphoto.pl\/t\/wp-content\/uploads\/2025\/01\/IMGP3713.jpg 1024w, https:\/\/wgphoto.pl\/t\/wp-content\/uploads\/2025\/01\/IMGP3713-300x200.jpg 300w, https:\/\/wgphoto.pl\/t\/wp-content\/uploads\/2025\/01\/IMGP3713-768x512.jpg 768w\" sizes=\"auto, (max-width: 1024px) 100vw, 1024px\" \/><\/figure>\n\n\n\n<div class=\"wp-block-group has-global-padding is-layout-constrained wp-block-group-is-layout-constrained\">\n<p>Wagon motorowy produkcji Fiata oczekuje zatrudnienia na stacji Osijek. Szeroka wiata przylegaj\u0105ca do budynku dworca oraz ziemne perony wygl\u0105daj\u0105 zupe\u0142nie jak tu\u017c za nasz\u0105 po\u0142udniow\u0105 granic\u0105. 26.08.2011<\/p>\n<\/div>\n","protected":false},"excerpt":{"rendered":"<p>Wagon motorowy produkcji Fiata oczekuje zatrudnienia na stacji Osijek. Szeroka wiata przylegaj\u0105ca do budynku dworca oraz ziemne perony wygl\u0105daj\u0105 zupe\u0142nie jak tu\u017c za nasz\u0105 po\u0142udniow\u0105 granic\u0105. 26.08.2011<\/p>\n","protected":false},"author":1,"featured_media":9276,"comment_status":"open","ping_status":"","sticky":false,"template":"","format":"standard","meta":{"footnotes":""},"categories":[2,77],"tags":[1598,459,2175,458],"class_list":["post-9275","post","type-post","status-publish","format-standard","has-post-thumbnail","hentry","category-kolej","category-rok-2011","tag-2011-08-26","tag-chorwacja","tag-hz","tag-osijek"],"_links":{"self":[{"href":"https:\/\/wgphoto.pl\/t\/index.php?rest_route=\/wp\/v2\/posts\/9275","targetHints":{"allow":["GET"]}}],"collection":[{"href":"https:\/\/wgphoto.pl\/t\/index.php?rest_route=\/wp\/v2\/posts"}],"about":[{"href":"https:\/\/wgphoto.pl\/t\/index.php?rest_route=\/wp\/v2\/types\/post"}],"author":[{"embeddable":true,"href":"https:\/\/wgphoto.pl\/t\/index.php?rest_route=\/wp\/v2\/users\/1"}],"replies":[{"embeddable":true,"href":"https:\/\/wgphoto.pl\/t\/index.php?rest_route=%2Fwp%2Fv2%2Fcomments&post=9275"}],"version-history":[{"count":1,"href":"https:\/\/wgphoto.pl\/t\/index.php?rest_route=\/wp\/v2\/posts\/9275\/revisions"}],"predecessor-version":[{"id":9277,"href":"https:\/\/wgphoto.pl\/t\/index.php?rest_route=\/wp\/v2\/posts\/9275\/revisions\/9277"}],"wp:featuredmedia":[{"embeddable":true,"href":"https:\/\/wgphoto.pl\/t\/index.php?rest_route=\/wp\/v2\/media\/9276"}],"wp:attachment":[{"href":"https:\/\/wgphoto.pl\/t\/index.php?rest_route=%2Fwp%2Fv2%2Fmedia&parent=9275"}],"wp:term":[{"taxonomy":"category","embeddable":true,"href":"https:\/\/wgphoto.pl\/t\/index.php?rest_route=%2Fwp%2Fv2%2Fcategories&post=9275"},{"taxonomy":"post_tag","embeddable":true,"href":"https:\/\/wgphoto.pl\/t\/index.php?rest_route=%2Fwp%2Fv2%2Ftags&post=9275"}],"curies":[{"name":"wp","href":"https:\/\/api.w.org\/{rel}","templated":true}]}}