{"id":9281,"date":"2025-01-09T18:15:26","date_gmt":"2025-01-09T17:15:26","guid":{"rendered":"https:\/\/wgphoto.pl\/t\/?p=9281"},"modified":"2025-01-09T18:15:26","modified_gmt":"2025-01-09T17:15:26","slug":"zima-jasniej","status":"publish","type":"post","link":"https:\/\/wgphoto.pl\/t\/?p=9281","title":{"rendered":"Zim\u0105 ja\u015bniej"},"content":{"rendered":"\n<figure class=\"wp-block-image aligncenter size-full\"><img loading=\"lazy\" decoding=\"async\" width=\"1200\" height=\"795\" src=\"https:\/\/wgphoto.pl\/t\/wp-content\/uploads\/2025\/01\/IMGP2490.jpg\" alt=\"\" class=\"wp-image-9282\" srcset=\"https:\/\/wgphoto.pl\/t\/wp-content\/uploads\/2025\/01\/IMGP2490.jpg 1200w, https:\/\/wgphoto.pl\/t\/wp-content\/uploads\/2025\/01\/IMGP2490-300x199.jpg 300w, https:\/\/wgphoto.pl\/t\/wp-content\/uploads\/2025\/01\/IMGP2490-768x509.jpg 768w\" sizes=\"auto, (max-width: 1200px) 100vw, 1200px\" \/><\/figure>\n\n\n\n<div class=\"wp-block-group has-global-padding is-layout-constrained wp-block-group-is-layout-constrained\">\n<p>Stopi\u0105tki 2376+2375 w obs\u0142udze jednej z najnudniejszych linii w mie\u015bcie pozuj\u0105 do zdj\u0119cia na kwadratowym \u0142uku p\u0119tli Park Po\u0142udniowy, stanowi\u0105cym &#8211; po prezentowanej tu ju\u017c kiedy\u015b niemieckiej p\u0142ycie nagrobnej &#8211; drug\u0105 i ostatni\u0105 atrakcj\u0119 tego kra\u0144ca. Brak li\u015bci na drzewach sprawia, \u017ce zim\u0105 jest tu nieco ja\u015bniej ni\u017c latem, chocia\u017c i tak nie oby\u0142o si\u0119 bez zastosowania wielokrotnej ekspozycji. 18.01.2014<\/p>\n<\/div>\n","protected":false},"excerpt":{"rendered":"<p>Stopi\u0105tki 2376+2375 w obs\u0142udze jednej z najnudniejszych linii w mie\u015bcie pozuj\u0105 do zdj\u0119cia na kwadratowym \u0142uku p\u0119tli Park Po\u0142udniowy, stanowi\u0105cym &#8211; po prezentowanej tu ju\u017c kiedy\u015b niemieckiej p\u0142ycie nagrobnej &#8211; drug\u0105 i ostatni\u0105 atrakcj\u0119 tego kra\u0144ca. Brak li\u015bci na drzewach sprawia, \u017ce zim\u0105 jest tu nieco ja\u015bniej ni\u017c latem, chocia\u017c i tak nie oby\u0142o si\u0119 [&hellip;]<\/p>\n","protected":false},"author":1,"featured_media":9282,"comment_status":"open","ping_status":"","sticky":false,"template":"","format":"standard","meta":{"footnotes":""},"categories":[48,3],"tags":[155,2874,42,154,27,439,41],"class_list":["post-9281","post","type-post","status-publish","format-standard","has-post-thumbnail","hentry","category-rok-2014","category-tramwaj","tag-105na","tag-2014-01-18","tag-mpk-wroclaw","tag-noc","tag-polska","tag-we-fabryce","tag-wroclaw"],"_links":{"self":[{"href":"https:\/\/wgphoto.pl\/t\/index.php?rest_route=\/wp\/v2\/posts\/9281","targetHints":{"allow":["GET"]}}],"collection":[{"href":"https:\/\/wgphoto.pl\/t\/index.php?rest_route=\/wp\/v2\/posts"}],"about":[{"href":"https:\/\/wgphoto.pl\/t\/index.php?rest_route=\/wp\/v2\/types\/post"}],"author":[{"embeddable":true,"href":"https:\/\/wgphoto.pl\/t\/index.php?rest_route=\/wp\/v2\/users\/1"}],"replies":[{"embeddable":true,"href":"https:\/\/wgphoto.pl\/t\/index.php?rest_route=%2Fwp%2Fv2%2Fcomments&post=9281"}],"version-history":[{"count":1,"href":"https:\/\/wgphoto.pl\/t\/index.php?rest_route=\/wp\/v2\/posts\/9281\/revisions"}],"predecessor-version":[{"id":9283,"href":"https:\/\/wgphoto.pl\/t\/index.php?rest_route=\/wp\/v2\/posts\/9281\/revisions\/9283"}],"wp:featuredmedia":[{"embeddable":true,"href":"https:\/\/wgphoto.pl\/t\/index.php?rest_route=\/wp\/v2\/media\/9282"}],"wp:attachment":[{"href":"https:\/\/wgphoto.pl\/t\/index.php?rest_route=%2Fwp%2Fv2%2Fmedia&parent=9281"}],"wp:term":[{"taxonomy":"category","embeddable":true,"href":"https:\/\/wgphoto.pl\/t\/index.php?rest_route=%2Fwp%2Fv2%2Fcategories&post=9281"},{"taxonomy":"post_tag","embeddable":true,"href":"https:\/\/wgphoto.pl\/t\/index.php?rest_route=%2Fwp%2Fv2%2Ftags&post=9281"}],"curies":[{"name":"wp","href":"https:\/\/api.w.org\/{rel}","templated":true}]}}