{"id":9308,"date":"2025-01-09T18:25:19","date_gmt":"2025-01-09T17:25:19","guid":{"rendered":"https:\/\/wgphoto.pl\/t\/?p=9308"},"modified":"2025-01-09T18:25:19","modified_gmt":"2025-01-09T17:25:19","slug":"105na-nr-2528","status":"publish","type":"post","link":"https:\/\/wgphoto.pl\/t\/?p=9308","title":{"rendered":"105Na nr 2528"},"content":{"rendered":"\n<figure class=\"wp-block-image aligncenter size-full\"><img loading=\"lazy\" decoding=\"async\" width=\"1050\" height=\"700\" src=\"https:\/\/wgphoto.pl\/t\/wp-content\/uploads\/2025\/01\/IMGP2676-1.jpg\" alt=\"\" class=\"wp-image-9309\" srcset=\"https:\/\/wgphoto.pl\/t\/wp-content\/uploads\/2025\/01\/IMGP2676-1.jpg 1050w, https:\/\/wgphoto.pl\/t\/wp-content\/uploads\/2025\/01\/IMGP2676-1-300x200.jpg 300w, https:\/\/wgphoto.pl\/t\/wp-content\/uploads\/2025\/01\/IMGP2676-1-768x512.jpg 768w\" sizes=\"auto, (max-width: 1050px) 100vw, 1050px\" \/><\/figure>\n\n\n\n<div class=\"wp-block-group has-global-padding is-layout-constrained wp-block-group-is-layout-constrained\">\n<p>Pulpit w wersji remontowej z okolic 1999 roku, z ma\u0142ym pr\u0119dko\u015bciomierzem. Bonusem jest wyj\u0105tkowo wygodna klamra na rozk\u0142ad jazdy, kt\u00f3rego w stopi\u0105tce zazwyczaj nie ma gdzie podzia\u0107. 21.02.2014<\/p>\n<\/div>\n","protected":false},"excerpt":{"rendered":"<p>Pulpit w wersji remontowej z okolic 1999 roku, z ma\u0142ym pr\u0119dko\u015bciomierzem. Bonusem jest wyj\u0105tkowo wygodna klamra na rozk\u0142ad jazdy, kt\u00f3rego w stopi\u0105tce zazwyczaj nie ma gdzie podzia\u0107. 21.02.2014<\/p>\n","protected":false},"author":1,"featured_media":9309,"comment_status":"open","ping_status":"","sticky":false,"template":"","format":"standard","meta":{"footnotes":""},"categories":[48,3],"tags":[155,2881,42,154,27,2882,439,41],"class_list":["post-9308","post","type-post","status-publish","format-standard","has-post-thumbnail","hentry","category-rok-2014","category-tramwaj","tag-105na","tag-2014-02-21","tag-mpk-wroclaw","tag-noc","tag-polska","tag-pulpit","tag-we-fabryce","tag-wroclaw"],"_links":{"self":[{"href":"https:\/\/wgphoto.pl\/t\/index.php?rest_route=\/wp\/v2\/posts\/9308","targetHints":{"allow":["GET"]}}],"collection":[{"href":"https:\/\/wgphoto.pl\/t\/index.php?rest_route=\/wp\/v2\/posts"}],"about":[{"href":"https:\/\/wgphoto.pl\/t\/index.php?rest_route=\/wp\/v2\/types\/post"}],"author":[{"embeddable":true,"href":"https:\/\/wgphoto.pl\/t\/index.php?rest_route=\/wp\/v2\/users\/1"}],"replies":[{"embeddable":true,"href":"https:\/\/wgphoto.pl\/t\/index.php?rest_route=%2Fwp%2Fv2%2Fcomments&post=9308"}],"version-history":[{"count":1,"href":"https:\/\/wgphoto.pl\/t\/index.php?rest_route=\/wp\/v2\/posts\/9308\/revisions"}],"predecessor-version":[{"id":9310,"href":"https:\/\/wgphoto.pl\/t\/index.php?rest_route=\/wp\/v2\/posts\/9308\/revisions\/9310"}],"wp:featuredmedia":[{"embeddable":true,"href":"https:\/\/wgphoto.pl\/t\/index.php?rest_route=\/wp\/v2\/media\/9309"}],"wp:attachment":[{"href":"https:\/\/wgphoto.pl\/t\/index.php?rest_route=%2Fwp%2Fv2%2Fmedia&parent=9308"}],"wp:term":[{"taxonomy":"category","embeddable":true,"href":"https:\/\/wgphoto.pl\/t\/index.php?rest_route=%2Fwp%2Fv2%2Fcategories&post=9308"},{"taxonomy":"post_tag","embeddable":true,"href":"https:\/\/wgphoto.pl\/t\/index.php?rest_route=%2Fwp%2Fv2%2Ftags&post=9308"}],"curies":[{"name":"wp","href":"https:\/\/api.w.org\/{rel}","templated":true}]}}