{"id":9311,"date":"2025-01-09T18:26:23","date_gmt":"2025-01-09T17:26:23","guid":{"rendered":"https:\/\/wgphoto.pl\/t\/?p=9311"},"modified":"2025-01-09T18:26:50","modified_gmt":"2025-01-09T17:26:50","slug":"srodkowa-lipka","status":"publish","type":"post","link":"https:\/\/wgphoto.pl\/t\/?p=9311","title":{"rendered":"\u015arodkowa Lipka"},"content":{"rendered":"\n<figure class=\"wp-block-image aligncenter size-full\"><img loading=\"lazy\" decoding=\"async\" width=\"1300\" height=\"870\" src=\"https:\/\/wgphoto.pl\/t\/wp-content\/uploads\/2025\/01\/IMGP4600.jpg\" alt=\"\" class=\"wp-image-9312\" srcset=\"https:\/\/wgphoto.pl\/t\/wp-content\/uploads\/2025\/01\/IMGP4600.jpg 1300w, https:\/\/wgphoto.pl\/t\/wp-content\/uploads\/2025\/01\/IMGP4600-300x201.jpg 300w, https:\/\/wgphoto.pl\/t\/wp-content\/uploads\/2025\/01\/IMGP4600-768x514.jpg 768w\" sizes=\"auto, (max-width: 1300px) 100vw, 1300px\" \/><\/figure>\n\n\n\n<div class=\"wp-block-group has-global-padding is-layout-constrained wp-block-group-is-layout-constrained\">\n<p>810.431-7 jako poci\u0105g osobowy 20076 relacji Hanu\u0161ovice &#8211; Doln\u00ed Lipka przemierza odcinek \u010cerven\u00fd Potok &#8211; Prost\u0159edn\u00ed Lipka, zbli\u017caj\u0105c si\u0119 do drugiej z wymienionych miejscowo\u015bci. 16.10.2011<\/p>\n<\/div>\n","protected":false},"excerpt":{"rendered":"<p>810.431-7 jako poci\u0105g osobowy 20076 relacji Hanu\u0161ovice &#8211; Doln\u00ed Lipka przemierza odcinek \u010cerven\u00fd Potok &#8211; Prost\u0159edn\u00ed Lipka, zbli\u017caj\u0105c si\u0119 do drugiej z wymienionych miejscowo\u015bci. 16.10.2011<\/p>\n","protected":false},"author":1,"featured_media":9312,"comment_status":"open","ping_status":"","sticky":false,"template":"","format":"standard","meta":{"footnotes":""},"categories":[2,77],"tags":[1730,92,50,2884,49,114,196,2883,176,2885],"class_list":["post-9311","post","type-post","status-publish","format-standard","has-post-thumbnail","hentry","category-kolej","category-rok-2011","tag-2011-10-16","tag-92","tag-cd","tag-cerveny-potok","tag-czechy","tag-gory","tag-linie-raczej-lokalne","tag-prostredni-lipka","tag-rano","tag-tab-cz025"],"_links":{"self":[{"href":"https:\/\/wgphoto.pl\/t\/index.php?rest_route=\/wp\/v2\/posts\/9311","targetHints":{"allow":["GET"]}}],"collection":[{"href":"https:\/\/wgphoto.pl\/t\/index.php?rest_route=\/wp\/v2\/posts"}],"about":[{"href":"https:\/\/wgphoto.pl\/t\/index.php?rest_route=\/wp\/v2\/types\/post"}],"author":[{"embeddable":true,"href":"https:\/\/wgphoto.pl\/t\/index.php?rest_route=\/wp\/v2\/users\/1"}],"replies":[{"embeddable":true,"href":"https:\/\/wgphoto.pl\/t\/index.php?rest_route=%2Fwp%2Fv2%2Fcomments&post=9311"}],"version-history":[{"count":1,"href":"https:\/\/wgphoto.pl\/t\/index.php?rest_route=\/wp\/v2\/posts\/9311\/revisions"}],"predecessor-version":[{"id":9313,"href":"https:\/\/wgphoto.pl\/t\/index.php?rest_route=\/wp\/v2\/posts\/9311\/revisions\/9313"}],"wp:featuredmedia":[{"embeddable":true,"href":"https:\/\/wgphoto.pl\/t\/index.php?rest_route=\/wp\/v2\/media\/9312"}],"wp:attachment":[{"href":"https:\/\/wgphoto.pl\/t\/index.php?rest_route=%2Fwp%2Fv2%2Fmedia&parent=9311"}],"wp:term":[{"taxonomy":"category","embeddable":true,"href":"https:\/\/wgphoto.pl\/t\/index.php?rest_route=%2Fwp%2Fv2%2Fcategories&post=9311"},{"taxonomy":"post_tag","embeddable":true,"href":"https:\/\/wgphoto.pl\/t\/index.php?rest_route=%2Fwp%2Fv2%2Ftags&post=9311"}],"curies":[{"name":"wp","href":"https:\/\/api.w.org\/{rel}","templated":true}]}}