{"id":9320,"date":"2025-01-09T18:30:18","date_gmt":"2025-01-09T17:30:18","guid":{"rendered":"https:\/\/wgphoto.pl\/t\/?p=9320"},"modified":"2025-01-09T18:30:18","modified_gmt":"2025-01-09T17:30:18","slug":"praha-ruzyne","status":"publish","type":"post","link":"https:\/\/wgphoto.pl\/t\/?p=9320","title":{"rendered":"Praha-Ruzyn\u011b"},"content":{"rendered":"\n<figure class=\"wp-block-image aligncenter size-full\"><img loading=\"lazy\" decoding=\"async\" width=\"1050\" height=\"700\" src=\"https:\/\/wgphoto.pl\/t\/wp-content\/uploads\/2025\/01\/IMGP3386.jpg\" alt=\"\" class=\"wp-image-9321\" srcset=\"https:\/\/wgphoto.pl\/t\/wp-content\/uploads\/2025\/01\/IMGP3386.jpg 1050w, https:\/\/wgphoto.pl\/t\/wp-content\/uploads\/2025\/01\/IMGP3386-300x200.jpg 300w, https:\/\/wgphoto.pl\/t\/wp-content\/uploads\/2025\/01\/IMGP3386-768x512.jpg 768w\" sizes=\"auto, (max-width: 1050px) 100vw, 1050px\" \/><\/figure>\n\n\n\n<div class=\"wp-block-group has-global-padding is-layout-constrained wp-block-group-is-layout-constrained\">\n<p>Ukrotnione regionovy jako poci\u0105g osobowy 9808 do Kralup nad Vltavou przez Kladno (to typowe zestawienie na linii do Kladna) opuszczaj\u0105 tytu\u0142ow\u0105 stacj\u0119. Grupowe semafory wyjazdowe dla obu kierunk\u00f3w pozosta\u0142y tutaj w wersji mechanicznej. 31.03.2014<\/p>\n<\/div>\n","protected":false},"excerpt":{"rendered":"<p>Ukrotnione regionovy jako poci\u0105g osobowy 9808 do Kralup nad Vltavou przez Kladno (to typowe zestawienie na linii do Kladna) opuszczaj\u0105 tytu\u0142ow\u0105 stacj\u0119. Grupowe semafory wyjazdowe dla obu kierunk\u00f3w pozosta\u0142y tutaj w wersji mechanicznej. 31.03.2014<\/p>\n","protected":false},"author":1,"featured_media":9321,"comment_status":"open","ping_status":"","sticky":false,"template":"","format":"standard","meta":{"footnotes":""},"categories":[2,48],"tags":[54,211,50,49,173,52,2889,53,700],"class_list":["post-9320","post","type-post","status-publish","format-standard","has-post-thumbnail","hentry","category-kolej","category-rok-2014","tag-2014-03-31","tag-211","tag-cd","tag-czechy","tag-koncowki","tag-praga","tag-praha-ruzyne","tag-sygnalizacja-ksztaltowa","tag-tab-cz120"],"_links":{"self":[{"href":"https:\/\/wgphoto.pl\/t\/index.php?rest_route=\/wp\/v2\/posts\/9320","targetHints":{"allow":["GET"]}}],"collection":[{"href":"https:\/\/wgphoto.pl\/t\/index.php?rest_route=\/wp\/v2\/posts"}],"about":[{"href":"https:\/\/wgphoto.pl\/t\/index.php?rest_route=\/wp\/v2\/types\/post"}],"author":[{"embeddable":true,"href":"https:\/\/wgphoto.pl\/t\/index.php?rest_route=\/wp\/v2\/users\/1"}],"replies":[{"embeddable":true,"href":"https:\/\/wgphoto.pl\/t\/index.php?rest_route=%2Fwp%2Fv2%2Fcomments&post=9320"}],"version-history":[{"count":1,"href":"https:\/\/wgphoto.pl\/t\/index.php?rest_route=\/wp\/v2\/posts\/9320\/revisions"}],"predecessor-version":[{"id":9322,"href":"https:\/\/wgphoto.pl\/t\/index.php?rest_route=\/wp\/v2\/posts\/9320\/revisions\/9322"}],"wp:featuredmedia":[{"embeddable":true,"href":"https:\/\/wgphoto.pl\/t\/index.php?rest_route=\/wp\/v2\/media\/9321"}],"wp:attachment":[{"href":"https:\/\/wgphoto.pl\/t\/index.php?rest_route=%2Fwp%2Fv2%2Fmedia&parent=9320"}],"wp:term":[{"taxonomy":"category","embeddable":true,"href":"https:\/\/wgphoto.pl\/t\/index.php?rest_route=%2Fwp%2Fv2%2Fcategories&post=9320"},{"taxonomy":"post_tag","embeddable":true,"href":"https:\/\/wgphoto.pl\/t\/index.php?rest_route=%2Fwp%2Fv2%2Ftags&post=9320"}],"curies":[{"name":"wp","href":"https:\/\/api.w.org\/{rel}","templated":true}]}}