{"id":9330,"date":"2025-01-09T18:34:29","date_gmt":"2025-01-09T17:34:29","guid":{"rendered":"https:\/\/wgphoto.pl\/t\/?p=9330"},"modified":"2025-01-09T18:34:29","modified_gmt":"2025-01-09T17:34:29","slug":"polanka","status":"publish","type":"post","link":"https:\/\/wgphoto.pl\/t\/?p=9330","title":{"rendered":"Polanka"},"content":{"rendered":"\n<figure class=\"wp-block-image aligncenter size-full\"><img loading=\"lazy\" decoding=\"async\" width=\"1200\" height=\"800\" src=\"https:\/\/wgphoto.pl\/t\/wp-content\/uploads\/2025\/01\/IMGP2668.jpg\" alt=\"\" class=\"wp-image-9331\" srcset=\"https:\/\/wgphoto.pl\/t\/wp-content\/uploads\/2025\/01\/IMGP2668.jpg 1200w, https:\/\/wgphoto.pl\/t\/wp-content\/uploads\/2025\/01\/IMGP2668-300x200.jpg 300w, https:\/\/wgphoto.pl\/t\/wp-content\/uploads\/2025\/01\/IMGP2668-768x512.jpg 768w\" sizes=\"auto, (max-width: 1200px) 100vw, 1200px\" \/><\/figure>\n\n\n\n<div class=\"wp-block-group has-global-padding is-layout-constrained wp-block-group-is-layout-constrained\">\n<p>Zawsze mi si\u0119 podoba\u0142y bloki Polanki ogl\u0105dane noc\u0105 z perspektywy zakola kana\u0142u Odry. Swoj\u0105 drog\u0105 w Czechach istnieje stacja kolejowa o nazwie Polanka nad Odrou. \ud83d\ude09 15.02.2014<\/p>\n<\/div>\n","protected":false},"excerpt":{"rendered":"<p>Zawsze mi si\u0119 podoba\u0142y bloki Polanki ogl\u0105dane noc\u0105 z perspektywy zakola kana\u0142u Odry. Swoj\u0105 drog\u0105 w Czechach istnieje stacja kolejowa o nazwie Polanka nad Odrou. \ud83d\ude09 15.02.2014<\/p>\n","protected":false},"author":1,"featured_media":9331,"comment_status":"open","ping_status":"","sticky":false,"template":"","format":"standard","meta":{"footnotes":""},"categories":[220,48],"tags":[2890,395,154,27,73,41],"class_list":["post-9330","post","type-post","status-publish","format-standard","has-post-thumbnail","hentry","category-blo","category-rok-2014","tag-2014-02-15","tag-lustro","tag-noc","tag-polska","tag-rzeka","tag-wroclaw"],"_links":{"self":[{"href":"https:\/\/wgphoto.pl\/t\/index.php?rest_route=\/wp\/v2\/posts\/9330","targetHints":{"allow":["GET"]}}],"collection":[{"href":"https:\/\/wgphoto.pl\/t\/index.php?rest_route=\/wp\/v2\/posts"}],"about":[{"href":"https:\/\/wgphoto.pl\/t\/index.php?rest_route=\/wp\/v2\/types\/post"}],"author":[{"embeddable":true,"href":"https:\/\/wgphoto.pl\/t\/index.php?rest_route=\/wp\/v2\/users\/1"}],"replies":[{"embeddable":true,"href":"https:\/\/wgphoto.pl\/t\/index.php?rest_route=%2Fwp%2Fv2%2Fcomments&post=9330"}],"version-history":[{"count":1,"href":"https:\/\/wgphoto.pl\/t\/index.php?rest_route=\/wp\/v2\/posts\/9330\/revisions"}],"predecessor-version":[{"id":9332,"href":"https:\/\/wgphoto.pl\/t\/index.php?rest_route=\/wp\/v2\/posts\/9330\/revisions\/9332"}],"wp:featuredmedia":[{"embeddable":true,"href":"https:\/\/wgphoto.pl\/t\/index.php?rest_route=\/wp\/v2\/media\/9331"}],"wp:attachment":[{"href":"https:\/\/wgphoto.pl\/t\/index.php?rest_route=%2Fwp%2Fv2%2Fmedia&parent=9330"}],"wp:term":[{"taxonomy":"category","embeddable":true,"href":"https:\/\/wgphoto.pl\/t\/index.php?rest_route=%2Fwp%2Fv2%2Fcategories&post=9330"},{"taxonomy":"post_tag","embeddable":true,"href":"https:\/\/wgphoto.pl\/t\/index.php?rest_route=%2Fwp%2Fv2%2Ftags&post=9330"}],"curies":[{"name":"wp","href":"https:\/\/api.w.org\/{rel}","templated":true}]}}