{"id":9350,"date":"2025-01-11T12:32:58","date_gmt":"2025-01-11T11:32:58","guid":{"rendered":"https:\/\/wgphoto.pl\/t\/?p=9350"},"modified":"2025-01-11T12:32:58","modified_gmt":"2025-01-11T11:32:58","slug":"tatry-na-moskiewskiej","status":"publish","type":"post","link":"https:\/\/wgphoto.pl\/t\/?p=9350","title":{"rendered":"Tatry na Moskiewskiej"},"content":{"rendered":"\n<figure class=\"wp-block-image aligncenter size-full\"><img loading=\"lazy\" decoding=\"async\" width=\"1400\" height=\"904\" src=\"https:\/\/wgphoto.pl\/t\/wp-content\/uploads\/2025\/01\/0902-24.jpg\" alt=\"\" class=\"wp-image-9351\" srcset=\"https:\/\/wgphoto.pl\/t\/wp-content\/uploads\/2025\/01\/0902-24.jpg 1400w, https:\/\/wgphoto.pl\/t\/wp-content\/uploads\/2025\/01\/0902-24-300x194.jpg 300w, https:\/\/wgphoto.pl\/t\/wp-content\/uploads\/2025\/01\/0902-24-768x496.jpg 768w\" sizes=\"auto, (max-width: 1400px) 100vw, 1400px\" \/><\/figure>\n\n\n\n<div class=\"wp-block-group has-global-padding is-layout-constrained wp-block-group-is-layout-constrained\">\n<p>Praga, ul. Moskevsk\u00e1, sk\u0142ad T3SUCS 7027+?. Obecnie wagon prowadz\u0105cy (a mo\u017ce i doczepa o nieznanym numerze) kursuje po Charkowie. 16.02.2009<\/p>\n<\/div>\n","protected":false},"excerpt":{"rendered":"<p>Praga, ul. Moskevsk\u00e1, sk\u0142ad T3SUCS 7027+?. Obecnie wagon prowadz\u0105cy (a mo\u017ce i doczepa o nieznanym numerze) kursuje po Charkowie. 16.02.2009<\/p>\n","protected":false},"author":1,"featured_media":9351,"comment_status":"open","ping_status":"","sticky":false,"template":"","format":"standard","meta":{"footnotes":""},"categories":[62,169,3],"tags":[1497,49,1049,52,1011],"class_list":["post-9350","post","type-post","status-publish","format-standard","has-post-thumbnail","hentry","category-analog","category-rok-2009","category-tramwaj","tag-2009-02-16","tag-czechy","tag-dp-praha","tag-praga","tag-tatra-t3"],"_links":{"self":[{"href":"https:\/\/wgphoto.pl\/t\/index.php?rest_route=\/wp\/v2\/posts\/9350","targetHints":{"allow":["GET"]}}],"collection":[{"href":"https:\/\/wgphoto.pl\/t\/index.php?rest_route=\/wp\/v2\/posts"}],"about":[{"href":"https:\/\/wgphoto.pl\/t\/index.php?rest_route=\/wp\/v2\/types\/post"}],"author":[{"embeddable":true,"href":"https:\/\/wgphoto.pl\/t\/index.php?rest_route=\/wp\/v2\/users\/1"}],"replies":[{"embeddable":true,"href":"https:\/\/wgphoto.pl\/t\/index.php?rest_route=%2Fwp%2Fv2%2Fcomments&post=9350"}],"version-history":[{"count":1,"href":"https:\/\/wgphoto.pl\/t\/index.php?rest_route=\/wp\/v2\/posts\/9350\/revisions"}],"predecessor-version":[{"id":9352,"href":"https:\/\/wgphoto.pl\/t\/index.php?rest_route=\/wp\/v2\/posts\/9350\/revisions\/9352"}],"wp:featuredmedia":[{"embeddable":true,"href":"https:\/\/wgphoto.pl\/t\/index.php?rest_route=\/wp\/v2\/media\/9351"}],"wp:attachment":[{"href":"https:\/\/wgphoto.pl\/t\/index.php?rest_route=%2Fwp%2Fv2%2Fmedia&parent=9350"}],"wp:term":[{"taxonomy":"category","embeddable":true,"href":"https:\/\/wgphoto.pl\/t\/index.php?rest_route=%2Fwp%2Fv2%2Fcategories&post=9350"},{"taxonomy":"post_tag","embeddable":true,"href":"https:\/\/wgphoto.pl\/t\/index.php?rest_route=%2Fwp%2Fv2%2Ftags&post=9350"}],"curies":[{"name":"wp","href":"https:\/\/api.w.org\/{rel}","templated":true}]}}