{"id":9370,"date":"2025-01-11T23:33:09","date_gmt":"2025-01-11T22:33:09","guid":{"rendered":"https:\/\/wgphoto.pl\/t\/?p=9370"},"modified":"2025-01-11T23:33:09","modified_gmt":"2025-01-11T22:33:09","slug":"tatra-jug-t6b5-nr-2002","status":"publish","type":"post","link":"https:\/\/wgphoto.pl\/t\/?p=9370","title":{"rendered":"Tatra-Jug T6B5 nr 2002"},"content":{"rendered":"\n<figure class=\"wp-block-image aligncenter size-full\"><img loading=\"lazy\" decoding=\"async\" width=\"1050\" height=\"700\" src=\"https:\/\/wgphoto.pl\/t\/wp-content\/uploads\/2025\/01\/IMGP5473.jpg\" alt=\"\" class=\"wp-image-9371\" srcset=\"https:\/\/wgphoto.pl\/t\/wp-content\/uploads\/2025\/01\/IMGP5473.jpg 1050w, https:\/\/wgphoto.pl\/t\/wp-content\/uploads\/2025\/01\/IMGP5473-300x200.jpg 300w, https:\/\/wgphoto.pl\/t\/wp-content\/uploads\/2025\/01\/IMGP5473-768x512.jpg 768w\" sizes=\"auto, (max-width: 1050px) 100vw, 1050px\" \/><\/figure>\n\n\n\n<div class=\"wp-block-group has-global-padding is-layout-constrained wp-block-group-is-layout-constrained\">\n<p>Prospekt Lenina o poranku. Park taborowy dnieprodzier\u017cy\u0144skich tramwaj\u00f3w uzupe\u0142nia pi\u0119\u0107 wagon\u00f3w Tatra-Jug typu T6B5, wyprodukowanych na licencji \u010cKD w zak\u0142adach JuMZ w niedalekim Dniepropietrowsku w latach 1996-2000. 2010-08-05<\/p>\n<\/div>\n","protected":false},"excerpt":{"rendered":"<p>Prospekt Lenina o poranku. Park taborowy dnieprodzier\u017cy\u0144skich tramwaj\u00f3w uzupe\u0142nia pi\u0119\u0107 wagon\u00f3w Tatra-Jug typu T6B5, wyprodukowanych na licencji \u010cKD w zak\u0142adach JuMZ w niedalekim Dniepropietrowsku w latach 1996-2000. 2010-08-05<\/p>\n","protected":false},"author":1,"featured_media":9371,"comment_status":"open","ping_status":"","sticky":false,"template":"","format":"standard","meta":{"footnotes":""},"categories":[86,3],"tags":[1054,2896,176,841,453],"class_list":["post-9370","post","type-post","status-publish","format-standard","has-post-thumbnail","hentry","category-rok-2010","category-tramwaj","tag-2010-08-05","tag-dnieprodzierzynsk","tag-rano","tag-tatra-t6","tag-ukraina"],"_links":{"self":[{"href":"https:\/\/wgphoto.pl\/t\/index.php?rest_route=\/wp\/v2\/posts\/9370","targetHints":{"allow":["GET"]}}],"collection":[{"href":"https:\/\/wgphoto.pl\/t\/index.php?rest_route=\/wp\/v2\/posts"}],"about":[{"href":"https:\/\/wgphoto.pl\/t\/index.php?rest_route=\/wp\/v2\/types\/post"}],"author":[{"embeddable":true,"href":"https:\/\/wgphoto.pl\/t\/index.php?rest_route=\/wp\/v2\/users\/1"}],"replies":[{"embeddable":true,"href":"https:\/\/wgphoto.pl\/t\/index.php?rest_route=%2Fwp%2Fv2%2Fcomments&post=9370"}],"version-history":[{"count":1,"href":"https:\/\/wgphoto.pl\/t\/index.php?rest_route=\/wp\/v2\/posts\/9370\/revisions"}],"predecessor-version":[{"id":9372,"href":"https:\/\/wgphoto.pl\/t\/index.php?rest_route=\/wp\/v2\/posts\/9370\/revisions\/9372"}],"wp:featuredmedia":[{"embeddable":true,"href":"https:\/\/wgphoto.pl\/t\/index.php?rest_route=\/wp\/v2\/media\/9371"}],"wp:attachment":[{"href":"https:\/\/wgphoto.pl\/t\/index.php?rest_route=%2Fwp%2Fv2%2Fmedia&parent=9370"}],"wp:term":[{"taxonomy":"category","embeddable":true,"href":"https:\/\/wgphoto.pl\/t\/index.php?rest_route=%2Fwp%2Fv2%2Fcategories&post=9370"},{"taxonomy":"post_tag","embeddable":true,"href":"https:\/\/wgphoto.pl\/t\/index.php?rest_route=%2Fwp%2Fv2%2Ftags&post=9370"}],"curies":[{"name":"wp","href":"https:\/\/api.w.org\/{rel}","templated":true}]}}